{"id":2257,"date":"2009-10-15T16:03:37","date_gmt":"2009-10-15T14:03:37","guid":{"rendered":"http:\/\/www.willizblog.de\/?p=2257"},"modified":"2009-10-16T17:29:23","modified_gmt":"2009-10-16T15:29:23","slug":"herbsturlaub-2009-bild-des-tages-4","status":"publish","type":"post","link":"https:\/\/willizblog.de\/?p=2257","title":{"rendered":"Herbsturlaub 2009: Bild des Tages (4)"},"content":{"rendered":"<p>Wenn auch nur f\u00fcr wenige Tage, so zeigt sich der Herbst jetzt in den sch\u00f6nsten Farben. Wer da zu Hause herumhockt, ist selber schuld. Ein Spaziergang, auch bei frischem Wind, l\u00fcftet das Hirn und erquickt das Seelchen. Der n\u00e4chste Regen (schon morgen) kommt (leider) bestimmt.<\/p>\n<p><img src=\"https:\/\/www.willizblog.de\/blogpicts\/herbsturlaub2009_10_15.jpg\" alt=\"Herbstfarben\" \/><\/p>\n","protected":false},"excerpt":{"rendered":"<p>Wenn auch nur f\u00fcr wenige Tage, so zeigt sich der Herbst jetzt in den sch\u00f6nsten Farben. Wer da zu Hause herumhockt, ist selber schuld. Ein Spaziergang, auch bei frischem Wind, l\u00fcftet das Hirn und erquickt das Seelchen. Der n\u00e4chste Regen (schon morgen) kommt (leider) bestimmt.<\/p>\n","protected":false},"author":1,"featured_media":0,"comment_status":"open","ping_status":"open","sticky":false,"template":"","format":"standard","meta":[],"categories":[16,11],"tags":[],"_links":{"self":[{"href":"https:\/\/willizblog.de\/index.php?rest_route=\/wp\/v2\/posts\/2257"}],"collection":[{"href":"https:\/\/willizblog.de\/index.php?rest_route=\/wp\/v2\/posts"}],"about":[{"href":"https:\/\/willizblog.de\/index.php?rest_route=\/wp\/v2\/types\/post"}],"author":[{"embeddable":true,"href":"https:\/\/willizblog.de\/index.php?rest_route=\/wp\/v2\/users\/1"}],"replies":[{"embeddable":true,"href":"https:\/\/willizblog.de\/index.php?rest_route=%2Fwp%2Fv2%2Fcomments&post=2257"}],"version-history":[{"count":0,"href":"https:\/\/willizblog.de\/index.php?rest_route=\/wp\/v2\/posts\/2257\/revisions"}],"wp:attachment":[{"href":"https:\/\/willizblog.de\/index.php?rest_route=%2Fwp%2Fv2%2Fmedia&parent=2257"}],"wp:term":[{"taxonomy":"category","embeddable":true,"href":"https:\/\/willizblog.de\/index.php?rest_route=%2Fwp%2Fv2%2Fcategories&post=2257"},{"taxonomy":"post_tag","embeddable":true,"href":"https:\/\/willizblog.de\/index.php?rest_route=%2Fwp%2Fv2%2Ftags&post=2257"}],"curies":[{"name":"wp","href":"https:\/\/api.w.org\/{rel}","templated":true}]}}