{"id":2268,"date":"2009-10-19T11:12:26","date_gmt":"2009-10-19T09:12:26","guid":{"rendered":"http:\/\/www.willizblog.de\/?p=2268"},"modified":"2009-10-19T11:15:58","modified_gmt":"2009-10-19T09:15:58","slug":"emma-mit-viel-elan","status":"publish","type":"post","link":"https:\/\/willizblog.de\/?p=2268","title":{"rendered":"Emma mit viel Elan"},"content":{"rendered":"<p>24 den 26 Folgen von der Serie <a href=\"https:\/\/www.willizblog.de\/?p=1736\" target=\"_blank\">Mit Schirm, Charme und Melone<\/a> (8-DVD-Boxset &#8211; Edition 1) der ersten deutschen Staffel (eigentlich schon die 4.), ab 18. Oktober 1966 im damals noch jungen ZDF in schwarz-wei\u00df ausgestrahlt, habe ich mir in den letzten Wochen nach langer Zeit wieder zu Gem\u00fcte gef\u00fchrt. Und auch \u00fcber die vielen Jahre hinweg hat diese Serie mit Patrick Macnee als John Steed und Diana Rigg als Emma Peel nichts von ihrer damaligen Faszination verloren. Alles ist very british, also mit feinstem britischen Humor gespickt, und durchaus spannend. Die letzte Folge (Honig f\u00fcr den Prinzen\/ Honey for the Prince) werde ich mir in den n\u00e4chsten Tagen anschauen, die Folge \u201eWeihnachten &#8211; ein Alptraum\u201c (Too Many Christmas Trees) werde ich mir f\u00fcr die Festtage aufbewahren.<\/p>\n<p>Wie gesagt: die Serie ist very british und l\u00e4sst das \u201eSwinging London\u201c der 60er Jahre wieder auferstehen. Very british sind auch die Fortbewegungsmittel, mit denen die beiden Protagonisten Steed und Peel unterwegs sind. Obwohl ich kein gro\u00dfer Fan von Automobilen bin und selbst keinen PKW besitze (siehe meinen Beitrag: <a href=\"https:\/\/www.willizblog.de\/?p=953\" target=\"_blank\">Tanz ums goldene Kalb<\/a>), so haben die Fahrzeuge, die damals auf der britischen Insel produziert wurden, ihren Reiz, dem auch ich mich nicht ganz entziehen kann. Meine Frau mag besonders den <a href=\"https:\/\/de.wikipedia.org\/wiki\/Jaguar_(Auto)\" target=\"_blank\">Jaguar<\/a> und hier den <a href=\"https:\/\/de.wikipedia.org\/wiki\/Jaguar_E-Type\">Typ E<\/a>, sportlich-extravagant. Als Kind hatte ich eine <a href=\"https:\/\/de.wikipedia.org\/wiki\/Carrera_(Autorennbahn)\" target=\"_blank\">Carrera-Autorennbahn<\/a>, zu der neben einem Porsche auch ein Jaguar E geh\u00f6rte.<\/p>\n<p>Nun in der Serie <a href=\"https:\/\/de.wikipedia.org\/wiki\/Mit_Schirm,_Charme_und_Melone\" target=\"_blank\">Mit Schirm, Charme und Melone<\/a> fahren Steed und Peel Autos, die ganz ihrem Stil entsprechen. John Steed bevorzugt dabei gentlemanlike die Marke <a href=\"http:\/\/www.bentleymotors.com\/\" target=\"_blank\">Bentley<\/a> und dabei Typen aus den 20er Jahren. In der s\/w-Staffel ist es ein 4\u00bd Litre Bentley bzw. 3 Litre Bentley; das Kennzeichen ist dabei immer <a href=\"http:\/\/theavengers.tv\/forever\/cars-2.htm\" target=\"_blank\"><strong>UW 4887<\/strong><\/a>. In der ersten Staffel in Farbe sehen wir ihn mit folgenden Oldtimern:<\/p>\n<p><strong>RX 6180<\/strong>  &#8211; etwa 1926 Green Speed Six Bentley<br \/>\n<strong>YT 3942<\/strong>  &#8211; 1926 Green 3 Litre Racing Green Bentley<\/p>\n<table border=\"0\" cellpadding=\"5\" cellspacing=\"0\" width=\"100%\">\n<tr>\n<td width=\"50%\">\n<p align=\"center\"><img loading=\"lazy\" border=\"0\" src=\"https:\/\/www.willizblog.de\/blogpicts\/avengers_steed_bentley.jpg\" alt=\"John Steed: 1926 Green 3 Litre Racing Green Bentley\" width=\"270\" height=\"190\"><\/td>\n<td width=\"50%\">\n<p align=\"center\"><img loading=\"lazy\" border=\"0\" src=\"https:\/\/www.willizblog.de\/blogpicts\/avengers_peel_lotus_elan.jpg\" alt=\"Emma Peel: 1966 Powder Blue Lotus Elan S3\" width=\"270\" height=\"190\"><\/td>\n<\/tr>\n<tr>\n<td width=\"50%\">\n<p align=\"center\"><font face=\"Lucida Grande, Lucida Sans Unicode, Verdana, sans-serif\" size=\"2\">John Steed: 1926 Green 3 Litre Racing Green Bentley<\/font><\/td>\n<td width=\"50%\">\n<p align=\"center\"><font face=\"Lucida Grande, Lucida Sans Unicode, Verdana, sans-serif\" size=\"2\">Emma Peel: 1966 Powder Blue Lotus Elan S3<\/font><\/td>\n<\/tr>\n<\/table>\n<p>Und Emma Peel? Ihrem sportlich-dynamischen Typ entsprechend f\u00e4hrt sie <a href=\"https:\/\/de.wikipedia.org\/wiki\/Lotus_Cars\" target=\"_blank\">Lotus<\/a>. <a href=\"http:\/\/www.lotuselan.net\/publish\/the_avengers.shtml\" target=\"_blank\">Lotus Elan<\/a> um genau zu sein. In den Episoden in schwarz-wei\u00df ist es ein 1964 Lotus Elan S2 mit der Registrierung <strong>HNK999C<\/strong>, und in den <a href=\"https:\/\/www.willizblog.de\/?p=2176\" target=\"_blank\">Folgen in Farbe<\/a> f\u00e4hrt sie einen 1966 Powder Blue Lotus Elan S3 mit dem Kennzeichen <a href=\"http:\/\/theavengers.tv\/forever\/cars-1.htm\" target=\"_blank\"><strong>SJH499D<\/strong><\/a>.<\/p>\n<p>\u201eMit Schirm, Charme und Melone\u201c wird immer wieder mit den <a href=\"https:\/\/de.wikipedia.org\/wiki\/James_Bond#Fahrzeuge_2\" target=\"_blank\">James Bond<\/a>-Filmen verglichen, deren erste Episoden auch in den 60er Jahren entstanden. Und wie bei James Bond, der in zwei Filmen sogar auf Autos der deutschen Marke BMW zur\u00fcckgreift, spielen auch in \u201eMit Schirm, Charme und Melone\u201c Autos eine gr\u00f6\u00dfere Rolle. Sie sind gewisserma\u00dfen Erkennungszeichen der Protagonisten und damit eine Art Accessoire, das die besonderen Eigenschaften der jeweiligen Typen unterstreicht. Heute w\u00fcrde man von Styling sprechen.<\/p>\n<p>Bei der Suche nach weiteren Informationen zur Serie bin ich bei YouTube auf ein Musikvideo der Gruppe <a href=\"https:\/\/de.wikipedia.org\/wiki\/Oasis\" target=\"_blank\">Oasis<\/a> gesto\u00dfen, die Musik im Stile ihrer Vorbilder, den Beatles, machten. F\u00fcr dieses Video aus dem Jahre 1996 engagierten sie Patrick Macnee, dem John Steed der Serie, der die Band-Mitglieder in einem <a href=\"https:\/\/de.wikipedia.org\/wiki\/Rolls_Royce\" target=\"_blank\">Rolls Royce<\/a> chauffiert. Regisseur des Videos ist Nigel Dick. Macnee hat sichtlich Spa\u00df an seinem Mini-Auftritt.<\/p>\n<p><object width=\"425\" height=\"344\"><param name=\"movie\" value=\"https:\/\/www.youtube.com\/v\/r8OipmKFDeM&#038;hl=de&#038;fs=1&#038;\"><\/param><param name=\"allowFullScreen\" value=\"true\"><\/param><param name=\"allowscriptaccess\" value=\"always\"><\/param><embed src=\"https:\/\/www.youtube.com\/v\/r8OipmKFDeM&#038;hl=de&#038;fs=1&#038;\" type=\"application\/x-shockwave-flash\" allowscriptaccess=\"always\" allowfullscreen=\"true\" width=\"425\" height=\"344\"><\/embed><\/object><br \/>\nOasis: Don&#8217;t Look Back In Anger (1996)<\/p>\n","protected":false},"excerpt":{"rendered":"<p>24 den 26 Folgen von der Serie Mit Schirm, Charme und Melone (8-DVD-Boxset &#8211; Edition 1) der ersten deutschen Staffel (eigentlich schon die 4.), ab 18. Oktober 1966 im damals noch jungen ZDF in schwarz-wei\u00df ausgestrahlt, habe ich mir in den letzten Wochen nach langer Zeit wieder zu Gem\u00fcte gef\u00fchrt. Und auch \u00fcber die vielen &hellip; <a href=\"https:\/\/willizblog.de\/?p=2268\" class=\"more-link\"><span class=\"screen-reader-text\">Emma mit viel Elan<\/span> weiterlesen <span class=\"meta-nav\">&rarr;<\/span><\/a><\/p>\n","protected":false},"author":1,"featured_media":0,"comment_status":"open","ping_status":"open","sticky":false,"template":"","format":"standard","meta":[],"categories":[13,5],"tags":[],"_links":{"self":[{"href":"https:\/\/willizblog.de\/index.php?rest_route=\/wp\/v2\/posts\/2268"}],"collection":[{"href":"https:\/\/willizblog.de\/index.php?rest_route=\/wp\/v2\/posts"}],"about":[{"href":"https:\/\/willizblog.de\/index.php?rest_route=\/wp\/v2\/types\/post"}],"author":[{"embeddable":true,"href":"https:\/\/willizblog.de\/index.php?rest_route=\/wp\/v2\/users\/1"}],"replies":[{"embeddable":true,"href":"https:\/\/willizblog.de\/index.php?rest_route=%2Fwp%2Fv2%2Fcomments&post=2268"}],"version-history":[{"count":0,"href":"https:\/\/willizblog.de\/index.php?rest_route=\/wp\/v2\/posts\/2268\/revisions"}],"wp:attachment":[{"href":"https:\/\/willizblog.de\/index.php?rest_route=%2Fwp%2Fv2%2Fmedia&parent=2268"}],"wp:term":[{"taxonomy":"category","embeddable":true,"href":"https:\/\/willizblog.de\/index.php?rest_route=%2Fwp%2Fv2%2Fcategories&post=2268"},{"taxonomy":"post_tag","embeddable":true,"href":"https:\/\/willizblog.de\/index.php?rest_route=%2Fwp%2Fv2%2Ftags&post=2268"}],"curies":[{"name":"wp","href":"https:\/\/api.w.org\/{rel}","templated":true}]}}