{"id":2284,"date":"2009-10-23T00:01:37","date_gmt":"2009-10-22T22:01:37","guid":{"rendered":"http:\/\/www.willizblog.de\/?p=2284"},"modified":"2009-10-22T09:01:51","modified_gmt":"2009-10-22T07:01:51","slug":"bundestagswahl-2014","status":"publish","type":"post","link":"https:\/\/willizblog.de\/?p=2284","title":{"rendered":"Bundestagswahl 2014"},"content":{"rendered":"<p>Nachdem die Legislaturperiode durch die schwarz-gelbe Regierung auf 5 Jahre verl\u00e4ngert wurde, kam es nach der Bundestagswahl im Jahr 2014 zu folgendem Ergebnis:<\/p>\n<table border=\"0\" cellpadding=\"4\" cellspacing=\"0\" width=\"510\">\n<tr>\n<td width=\"170\"><font face=\"Lucida Grande, Lucida Sans Unicode, Verdana, sans-serif\" size=\"2\">&nbsp;<\/font><\/td>\n<td width=\"170\"><font face=\"Lucida Grande, Lucida Sans Unicode, Verdana, sans-serif\" size=\"2\">2014<\/font><\/td>\n<td width=\"170\"><font face=\"Lucida Grande, Lucida Sans Unicode, Verdana, sans-serif\" size=\"2\">zum Vergleich 2009<\/font><\/td>\n<\/tr>\n<tr>\n<td width=\"170\"><font face=\"Lucida Grande, Lucida Sans Unicode, Verdana, sans-serif\" size=\"2\">CDU\/CSU<\/font><\/td>\n<td width=\"170\"><font face=\"Lucida Grande, Lucida Sans Unicode, Verdana, sans-serif\" size=\"2\">26,3<\/font><\/td>\n<td width=\"170\"><font face=\"Lucida Grande, Lucida Sans Unicode, Verdana, sans-serif\" size=\"2\">33,8<\/font><\/td>\n<\/tr>\n<tr>\n<td width=\"170\"><font face=\"Lucida Grande, Lucida Sans Unicode, Verdana, sans-serif\" size=\"2\">SPD<\/font><\/td>\n<td width=\"170\"><font face=\"Lucida Grande, Lucida Sans Unicode, Verdana, sans-serif\" size=\"2\">18,4<\/font><\/td>\n<td width=\"170\"><font face=\"Lucida Grande, Lucida Sans Unicode, Verdana, sans-serif\" size=\"2\">23,0<\/font><\/td>\n<\/tr>\n<tr>\n<td width=\"170\"><font face=\"Lucida Grande, Lucida Sans Unicode, Verdana, sans-serif\" size=\"2\">FDP<\/font><\/td>\n<td width=\"170\"><font face=\"Lucida Grande, Lucida Sans Unicode, Verdana, sans-serif\" size=\"2\">6,4<\/font><\/td>\n<td width=\"170\"><font face=\"Lucida Grande, Lucida Sans Unicode, Verdana, sans-serif\" size=\"2\">14,6<\/font><\/td>\n<\/tr>\n<tr>\n<td width=\"170\"><font face=\"Lucida Grande, Lucida Sans Unicode, Verdana, sans-serif\" size=\"2\">Linke<\/font><\/td>\n<td width=\"170\"><font face=\"Lucida Grande, Lucida Sans Unicode, Verdana, sans-serif\" size=\"2\">18,7<\/font><\/td>\n<td width=\"170\"><font face=\"Lucida Grande, Lucida Sans Unicode, Verdana, sans-serif\" size=\"2\">11,9<\/font><\/td>\n<\/tr>\n<tr>\n<td width=\"170\"><font face=\"Lucida Grande, Lucida Sans Unicode, Verdana, sans-serif\" size=\"2\">Gr\u00fcne<\/font><\/td>\n<td width=\"170\"><font face=\"Lucida Grande, Lucida Sans Unicode, Verdana, sans-serif\" size=\"2\">16,7<\/font><\/td>\n<td width=\"170\"><font face=\"Lucida Grande, Lucida Sans Unicode, Verdana, sans-serif\" size=\"2\">10,7<\/font><\/td>\n<\/tr>\n<tr>\n<td width=\"170\"><font face=\"Lucida Grande, Lucida Sans Unicode, Verdana, sans-serif\" size=\"2\">Piraten<\/font><\/td>\n<td width=\"170\"><font face=\"Lucida Grande, Lucida Sans Unicode, Verdana, sans-serif\" size=\"2\">8,7<\/font><\/td>\n<td width=\"170\"><font face=\"Lucida Grande, Lucida Sans Unicode, Verdana, sans-serif\" size=\"2\">2,0<\/font><\/td>\n<\/tr>\n<tr>\n<td width=\"170\"><font face=\"Lucida Grande, Lucida Sans Unicode, Verdana, sans-serif\" size=\"2\">sonstige<\/font><\/td>\n<td width=\"170\"><font face=\"Lucida Grande, Lucida Sans Unicode, Verdana, sans-serif\" size=\"2\">4,8<\/font><\/td>\n<td width=\"170\"><font face=\"Lucida Grande, Lucida Sans Unicode, Verdana, sans-serif\" size=\"2\">4,0<\/font><\/td>\n<\/tr>\n<\/table>\n<p>Damit h\u00e4tte eine rot-rot-gr\u00fcne Koalition mit 53,8 % der W\u00e4hlerstimmen die n\u00f6tige Mehrheit f\u00fcr ein Regierungsb\u00fcndnis.<\/p>\n<p>Ursachen f\u00fcr dieses Wahlergebnis waren u.a. folgende:<\/p>\n<p>1. Die FDP verlor so dramatisch, weil sie in B\u00fcrgerrechtsfragen gegen\u00fcber der CDU\/CSU eingeknickt war. Bundesinnenminister Sch\u00e4uble konnte seine umschrittenen Pl\u00e4ne zu Online-Untersuchungen u.\u00e4. gegen\u00fcber den freien Demokraten behaupten. Nach der Datenpanne beim <a href=\"https:\/\/de.wikipedia.org\/wiki\/Bundeskriminalamt_(Deutschland)\" target=\"_blank\">BKA<\/a>, als kurz vor der Wahl 2014 herauskam, dass mindestens jeder zweite Bundesb\u00fcrger kriminalpolizeilich erfasst wurde, entschieden sich viele W\u00e4hler statt f\u00fcr die FDP f\u00fcr die Piratenpartei, die schlechthin als eine FDP 2.0 bezeichnet wurde \u2013 nur mit dem Unterschied, dass sich diese Partei vehement gegen das Sch\u00e4uble-Diktat gewendet hatte.<\/p>\n<p>2. Die SPD hatte sich auch nach f\u00fcnf Jahren kaum von der Wahlschlappe 2009 erholt; weitere W\u00e4hler wanderten zu den Linken, da sie sich von denen besser vertreten sehen.<\/p>\n<p>3. Die verheerende Panne in dem <a href=\"https:\/\/de.wikipedia.org\/wiki\/Kernkraftwerk_Emsland\" target=\"_blank\">AKW Emsland<\/a>, bei dem ein ganzer Landstrich radioaktiv verseucht wurde (mindestens 400 Menschen starben bisher an den Folgen der Verstrahlung), f\u00fchrte zu massiven Anti-Atomkraft-Kundgebungen. Bei der Bundestagswahl konnten so die Gr\u00fcnen ihr Wahlergebnis deutlich verbessern.<\/p>\n<p> 4. Die genannten Punkte f\u00fchrten auch zu Verlusten bei der CDU\/CSU. Allerdings konnte sie ihre Verluste in Grenzen halten, weil sie es schaffte, alte Stammw\u00e4hler zu mobilisieren.<\/p>\n<p><img src=\"https:\/\/www.willizblog.de\/blogpicts\/btw2014.jpg\" alt=\"Bundestagswahl 2014\" \/><\/p>\n<p><strong>Anmerkung:<\/strong> <em>Bereits die Bundestagswahl 2009 hat verdeutlicht, dass sich die Parteienlandschaft wesentlich ver\u00e4ndert hat. Die gro\u00dfen so genannten Volksparteien verloren Stimmen an kleine Parteien, sodass es inzwischen f\u00fcnf Parteien sind, die die 10-%-Grenze \u00fcbersteigen. Sollten B\u00fcrgerrechte weiterhin eingeschr\u00e4nkt werden, d\u00fcrfte das auch zu einer St\u00e4rkung der Piratenpartei f\u00fchren und zu deren Einzug in die Parlamente.<\/em><\/p>\n","protected":false},"excerpt":{"rendered":"<p>Nachdem die Legislaturperiode durch die schwarz-gelbe Regierung auf 5 Jahre verl\u00e4ngert wurde, kam es nach der Bundestagswahl im Jahr 2014 zu folgendem Ergebnis: &nbsp; 2014 zum Vergleich 2009 CDU\/CSU 26,3 33,8 SPD 18,4 23,0 FDP 6,4 14,6 Linke 18,7 11,9 Gr\u00fcne 16,7 10,7 Piraten 8,7 2,0 sonstige 4,8 4,0 Damit h\u00e4tte eine rot-rot-gr\u00fcne Koalition mit &hellip; <a href=\"https:\/\/willizblog.de\/?p=2284\" class=\"more-link\"><span class=\"screen-reader-text\">Bundestagswahl 2014<\/span> weiterlesen <span class=\"meta-nav\">&rarr;<\/span><\/a><\/p>\n","protected":false},"author":1,"featured_media":0,"comment_status":"open","ping_status":"open","sticky":false,"template":"","format":"standard","meta":[],"categories":[12,29],"tags":[],"_links":{"self":[{"href":"https:\/\/willizblog.de\/index.php?rest_route=\/wp\/v2\/posts\/2284"}],"collection":[{"href":"https:\/\/willizblog.de\/index.php?rest_route=\/wp\/v2\/posts"}],"about":[{"href":"https:\/\/willizblog.de\/index.php?rest_route=\/wp\/v2\/types\/post"}],"author":[{"embeddable":true,"href":"https:\/\/willizblog.de\/index.php?rest_route=\/wp\/v2\/users\/1"}],"replies":[{"embeddable":true,"href":"https:\/\/willizblog.de\/index.php?rest_route=%2Fwp%2Fv2%2Fcomments&post=2284"}],"version-history":[{"count":0,"href":"https:\/\/willizblog.de\/index.php?rest_route=\/wp\/v2\/posts\/2284\/revisions"}],"wp:attachment":[{"href":"https:\/\/willizblog.de\/index.php?rest_route=%2Fwp%2Fv2%2Fmedia&parent=2284"}],"wp:term":[{"taxonomy":"category","embeddable":true,"href":"https:\/\/willizblog.de\/index.php?rest_route=%2Fwp%2Fv2%2Fcategories&post=2284"},{"taxonomy":"post_tag","embeddable":true,"href":"https:\/\/willizblog.de\/index.php?rest_route=%2Fwp%2Fv2%2Ftags&post=2284"}],"curies":[{"name":"wp","href":"https:\/\/api.w.org\/{rel}","templated":true}]}}