{"id":229,"date":"2005-09-12T17:32:40","date_gmt":"2005-09-12T16:32:40","guid":{"rendered":"http:\/\/www.albinz.de\/blog\/?p=229"},"modified":"2005-10-20T09:12:55","modified_gmt":"2005-10-20T07:12:55","slug":"volker-kauder-der-neue-goebbels","status":"publish","type":"post","link":"https:\/\/willizblog.de\/?p=229","title":{"rendered":"Volker Kauder: Der neue Goebbels"},"content":{"rendered":"<p>CDU-Generalsekret\u00e4r Volker Kauder wirft Rot-Gr\u00fcn die Vorbereitung eines Wahlbetrugs vor &#8211; sie verschweige ein milliardenschweres Sparprogramm. Angeblich ist aus dem Bundesfinanzministerium eine Streichliste \u00fcber 30 Milliarden Euro aufgetaucht. Diese wiederum sei nach dem Sprecher des Ministeriums Giffeler eine Aktion &#8222;mit Kampagnencharakter&#8220;, die offenkundig &#8222;CDU-nahen Beamten&#8220; im Ministerium zuzuschreiben sei.  Das Ministerium pr\u00fcft jetzt rechtliche Schritte gegen die Beamten.<\/p>\n<p>Wie auch immer: Herr Kauder geb\u00e4rdet sich wie ein neuer Joseph Goebbels, wei\u00df er doch am besten, mit welchen sozialen Einschnitten seine Partei bei einer Regierungs\u00fcbernahme daherkommen wird. Au\u00dferdem ist es nichts anderes als ein Ablenkungsman\u00f6ver von den Problemen, das sich die CDU mit ihren Finanzexperten Kirchhof eingehandelt hat. Herr Kauder, f\u00fcr wie dumm versuchen Sie den W\u00e4hler zu verkaufen?! Gro\u00dfen Worten sind selten genug gro\u00dfe Taten gefolgt.<\/p>\n<p>Apropos Kirchhof: Jetzt versuchen Merkel und Parteivize Wulff von diesem abzulenken, indem sie Herrn Merz aus der Versenkung hervorholen. Immerhin stehe dieser f\u00fcr \u00f6konomische Kompetenz &#8230; wenigstens einer?!<\/p>\n<p>weiter siehe: <a href=\"http:\/\/www.heute.de\/ZDFheute\/inhalt\/7\/0,3672,2373991,00.html\" target=\"_blank\">zdf.de<\/a><\/p>\n","protected":false},"excerpt":{"rendered":"<p>CDU-Generalsekret\u00e4r Volker Kauder wirft Rot-Gr\u00fcn die Vorbereitung eines Wahlbetrugs vor &#8211; sie verschweige ein milliardenschweres Sparprogramm. Angeblich ist aus dem Bundesfinanzministerium eine Streichliste \u00fcber 30 Milliarden Euro aufgetaucht. Diese wiederum sei nach dem Sprecher des Ministeriums Giffeler eine Aktion &#8222;mit Kampagnencharakter&#8220;, die offenkundig &#8222;CDU-nahen Beamten&#8220; im Ministerium zuzuschreiben sei. Das Ministerium pr\u00fcft jetzt rechtliche Schritte &hellip; <a href=\"https:\/\/willizblog.de\/?p=229\" class=\"more-link\"><span class=\"screen-reader-text\">Volker Kauder: Der neue Goebbels<\/span> weiterlesen <span class=\"meta-nav\">&rarr;<\/span><\/a><\/p>\n","protected":false},"author":1,"featured_media":0,"comment_status":"closed","ping_status":"closed","sticky":false,"template":"","format":"standard","meta":[],"categories":[29],"tags":[],"_links":{"self":[{"href":"https:\/\/willizblog.de\/index.php?rest_route=\/wp\/v2\/posts\/229"}],"collection":[{"href":"https:\/\/willizblog.de\/index.php?rest_route=\/wp\/v2\/posts"}],"about":[{"href":"https:\/\/willizblog.de\/index.php?rest_route=\/wp\/v2\/types\/post"}],"author":[{"embeddable":true,"href":"https:\/\/willizblog.de\/index.php?rest_route=\/wp\/v2\/users\/1"}],"replies":[{"embeddable":true,"href":"https:\/\/willizblog.de\/index.php?rest_route=%2Fwp%2Fv2%2Fcomments&post=229"}],"version-history":[{"count":0,"href":"https:\/\/willizblog.de\/index.php?rest_route=\/wp\/v2\/posts\/229\/revisions"}],"wp:attachment":[{"href":"https:\/\/willizblog.de\/index.php?rest_route=%2Fwp%2Fv2%2Fmedia&parent=229"}],"wp:term":[{"taxonomy":"category","embeddable":true,"href":"https:\/\/willizblog.de\/index.php?rest_route=%2Fwp%2Fv2%2Fcategories&post=229"},{"taxonomy":"post_tag","embeddable":true,"href":"https:\/\/willizblog.de\/index.php?rest_route=%2Fwp%2Fv2%2Ftags&post=229"}],"curies":[{"name":"wp","href":"https:\/\/api.w.org\/{rel}","templated":true}]}}