{"id":2294,"date":"2009-10-25T12:40:28","date_gmt":"2009-10-25T10:40:28","guid":{"rendered":"http:\/\/www.willizblog.de\/?p=2294"},"modified":"2011-02-23T14:36:49","modified_gmt":"2011-02-23T13:36:49","slug":"arbeiten-bis-zum-umfallen","status":"publish","type":"post","link":"https:\/\/willizblog.de\/?p=2294","title":{"rendered":"Arbeiten bis zum Umfallen?"},"content":{"rendered":"<p>Unter dem Motto <em>\u201eWachstum. Bildung. Zusammenhalt.\u201c<\/em> haben CDU\/CSU und FDP ihren Koalitionsvertrag (<a href=\"http:\/\/www.cdu.de\/doc\/pdfc\/091024-koalitionsvertrag-cducsu-fdp.pdf\" target=\"_blank\">hier der Entwurf als PDF -> Download<\/a>) gestellt, der, wer h\u00e4tte anderes erwartet, in vielen Punkten eine Kehrtwendung bisheriger Politik bedeutet.<\/p>\n<p>Klar ist: Die Laufzeiten der \u201esicheren\u201c Atomkraftwerke werden verl\u00e4ngert. F\u00fcr die Solarenergie einigten sich Union und FDP dagegen auf K\u00fcrzungen der F\u00f6rderung bei gro\u00dfen Anlagen auf Freifl\u00e4chen. Atomenergie als \u201eBr\u00fcckentechnologie\u201c f\u00fcr was? <\/p>\n<p>Die Pflegeversicherung wird \u2013 so oder so \u2013 teurer. Und auch die Krankenversicherung wird \u00fcber kurz oder lang teurer werden (Der Gesundheitsfonds soll vorerst erhalten bleiben &#8211; bis ein neues System installiert wird. Es sollen einkommensunabh\u00e4ngige Pauschalen f\u00fcr die Versicherten ab 2011 eingef\u00fchrt werden). Die Einf\u00fchrung der elektronischen Gesundheitskarte soll vorerst gestoppt werden.<\/p>\n<p>Daf\u00fcr soll die Einkommensteuer ab 2011 durch mehrere Ver\u00e4nderungen im Tarifsystem sinken &#8211; und damit f\u00fcr B\u00fcrger und Unternehmen bis 2013 Steuerentlastungen von 24 Milliarden Euro ergeben. Was bleibt aber davon am Ende netto im Geldbeutel?<\/p>\n<p>Kindergeld bzw. Kinderfreibetrag sollen erh\u00f6ht werden. Und ab 2013 ist zudem ein Betreuungsgeld in H\u00f6he von 150 \u20ac geplant. Geplant ist zudem ein nationales Stipendienprogramm von Bund und L\u00e4ndern. Die leistungsst\u00e4rksten Studenten (bis zu 10 % der Studierenden) sollen unabh\u00e4ngig vom Einkommen der Eltern mit monatlich 300 Euro gef\u00f6rdert werden.<\/p>\n<p>In puncto Sicherheit und Internet: F\u00fcr die heimliche Online-Durchsuchung des Bundeskriminalamtes soll es k\u00fcnftig h\u00f6here H\u00fcrden geben. Auch soll L\u00f6schen statt Sperren  bei Kinderpornografie im Netz Vorrang haben.<\/p>\n<p>F\u00fcr mich als \u201e\u00e4lteren Arbeitnehmer\u201c ist besonderst der Punkt 3.3 des Vertrages interessant. Dahin hei\u00dft es:<\/p>\n<p><em>Wir streben eine Erh\u00f6hung der Erwerbsbeteiligung vor allem von \u00c4lteren und Frauen an und ermutigen zu mehr Bildungs- und Weiterbildungsanstrengungen. Staatliche Anreize zur faktischen Fr\u00fchverrentung werden wir beseitigen. Eine Verl\u00e4ngerung der staatlich gef\u00f6rderten Altersteilzeit (ATG) \u00fcber den 31. Dezember 2009 hinaus lehnen wir daher ab.<\/em><\/p>\n<p><em>Rente ist kein Almosen. Wer sein Leben lang hart gearbeitet hat, der hat auch einen Anspruch auf eine gute Rente. Damit dies auch in Zukunft gew\u00e4hrleistet ist, wollen wir wegen des demographischen Wandels die Voraussetzungen f\u00fcr eine l\u00e4ngere Teilhabe \u00c4lterer am Erwerbsleben verbessern.<\/em><\/p>\n<p><em>Die \u00fcberwiegende Mehrheit der B\u00fcrger ist bis ins hohe Alter k\u00f6rperlich und geistig fit. Ihre Bereitschaft sich zu engagieren und zu beteiligen m\u00f6chten wir f\u00f6rdern. Wir wollen die Kenntnisse, Kompetenzen und Kreativit\u00e4t \u00e4lterer Menschen f\u00fcr unsere Gesellschaft nutzen. Wir lehnen daher jegliche Form der Altersdiskriminierung ab und werden den Wegfall der beruflichen Altersgrenzen pr\u00fcfen.<\/em><\/p>\n<p>Hehre Worte, die aber nur eines hei\u00dfen: Verl\u00e4ngerung der Lebensarbeitszeit bis &#8230;? Bis zum Umfallen vielleicht? Dass Rente kein Almosen ist, dies ausdr\u00fccklich zu erw\u00e4hnen ist schon ein Affront f\u00fcr sich gegen\u00fcber von Rentenempf\u00e4ngern (und die es in absehbarer Zeit werden wollen).<\/p>\n<p>Hier die Vorhaben der neuen Bundesregierung im \u00dcbersicht: <a href=\"http:\/\/www.heute.de\/ZDFheute\/inhalt\/23\/0,3672,7911991,00.html\" target=\"_blank\">zdf.de: Koalitionskompromisse: Das plant Schwarz-Gelb<\/a>. Alles im Koalitionsvertrag ist meist euphemistisch beschrieben \u2013 Ziele, deren \u00dcberpr\u00fcfung in der Zukunft dem W\u00e4hler anheim gestellt sind. F\u00fcr mich ist dieser Vertrag bereits jetzt ein unausgegorenes Konglomerat von kaum zu realisierenden Absichten. Erstaunlich bleibt dabei f\u00fcr mich, wie man in so wenigen Tagen so schnell Kompromisse aus dem Hut zaubern kann, sodass dieser Koalitionsvertrag am Ende die vielen Handschriften an sich widersprechender Weltanschauungen tragen kann. Man tut eben einiges, um die Macht zu erlangen.<\/p>\n<p>hier eine \u00dcbersicht der neuen Bundesminister &#8211; <a href=\"http:\/\/www.zdf.de\/ZDFmediathek\/content\/870114?inPopup=true\" target=\"_blank\">bei zdf.de als Bilderserie<\/a><\/p>\n","protected":false},"excerpt":{"rendered":"<p>Unter dem Motto \u201eWachstum. Bildung. Zusammenhalt.\u201c haben CDU\/CSU und FDP ihren Koalitionsvertrag (hier der Entwurf als PDF -> Download) gestellt, der, wer h\u00e4tte anderes erwartet, in vielen Punkten eine Kehrtwendung bisheriger Politik bedeutet. Klar ist: Die Laufzeiten der \u201esicheren\u201c Atomkraftwerke werden verl\u00e4ngert. F\u00fcr die Solarenergie einigten sich Union und FDP dagegen auf K\u00fcrzungen der F\u00f6rderung &hellip; <a href=\"https:\/\/willizblog.de\/?p=2294\" class=\"more-link\"><span class=\"screen-reader-text\">Arbeiten bis zum Umfallen?<\/span> weiterlesen <span class=\"meta-nav\">&rarr;<\/span><\/a><\/p>\n","protected":false},"author":1,"featured_media":0,"comment_status":"open","ping_status":"open","sticky":false,"template":"","format":"standard","meta":[],"categories":[12],"tags":[],"_links":{"self":[{"href":"https:\/\/willizblog.de\/index.php?rest_route=\/wp\/v2\/posts\/2294"}],"collection":[{"href":"https:\/\/willizblog.de\/index.php?rest_route=\/wp\/v2\/posts"}],"about":[{"href":"https:\/\/willizblog.de\/index.php?rest_route=\/wp\/v2\/types\/post"}],"author":[{"embeddable":true,"href":"https:\/\/willizblog.de\/index.php?rest_route=\/wp\/v2\/users\/1"}],"replies":[{"embeddable":true,"href":"https:\/\/willizblog.de\/index.php?rest_route=%2Fwp%2Fv2%2Fcomments&post=2294"}],"version-history":[{"count":0,"href":"https:\/\/willizblog.de\/index.php?rest_route=\/wp\/v2\/posts\/2294\/revisions"}],"wp:attachment":[{"href":"https:\/\/willizblog.de\/index.php?rest_route=%2Fwp%2Fv2%2Fmedia&parent=2294"}],"wp:term":[{"taxonomy":"category","embeddable":true,"href":"https:\/\/willizblog.de\/index.php?rest_route=%2Fwp%2Fv2%2Fcategories&post=2294"},{"taxonomy":"post_tag","embeddable":true,"href":"https:\/\/willizblog.de\/index.php?rest_route=%2Fwp%2Fv2%2Ftags&post=2294"}],"curies":[{"name":"wp","href":"https:\/\/api.w.org\/{rel}","templated":true}]}}