{"id":2308,"date":"2009-10-31T14:18:43","date_gmt":"2009-10-31T12:18:43","guid":{"rendered":"http:\/\/www.willizblog.de\/?p=2308"},"modified":"2009-10-31T14:24:38","modified_gmt":"2009-10-31T12:24:38","slug":"westerwelle-speaking","status":"publish","type":"post","link":"https:\/\/willizblog.de\/?p=2308","title":{"rendered":"Westerwelle speaking"},"content":{"rendered":"<p>F\u00fcr einen deutschen Bundesau\u00dfenminister ist es sicherlich hilfreich, wenn er mehrere Sprachen, zumindest die englische Sprache, flie\u00dfend beherrscht. Unser Neuer, der Guido Westerwelle, obwohl ansonsten mit einer gro\u00dfen Klappe gesegnet, scheint was Fremdsprachen betrifft nicht allzu viel drauf zu haben.<\/p>\n<p>Zun\u00e4chst: Bei seiner <a href=\"https:\/\/www.youtube.com\/watch?v=laUJzGMUEI4\" target=\"_blank\">ersten Pressekonferenz nach der Wahl<\/a> hat sich Guido Westerwelle geweigert, eine Frage auf Englisch zu beantworten. Eigentlich wollte der BBC-Reporter nur wissen, wie sich die deutsche Au\u00dfenpolitik unter einem k\u00fcnftigen Au\u00dfenminister Westerwelle \u00e4ndern werde. Es hatte schon etwas Peinliches an sich, wie Westerwelle hier herumdruckste. <\/p>\n<p>Es war der wenige Schlaf, der Herrn <a href=\"https:\/\/www.youtube.com\/watch?v=8aBsAbliAeU\" target=\"_blank\">Westerwelle \u201escharfkantig\u201c<\/a> werden lie\u00df. Demn\u00e4chst gibt er also seine Antworten auf Latein. Aber wie steht es nun wirklich um die Englisch-Kenntnisse unseres neuen Au\u00dfenministers?<\/p>\n<p><object width=\"425\" height=\"344\"><param name=\"movie\" value=\"https:\/\/www.youtube.com\/v\/HSS7tEme8U0&#038;hl=de&#038;fs=1&#038;\"><\/param><param name=\"allowFullScreen\" value=\"true\"><\/param><param name=\"allowscriptaccess\" value=\"always\"><\/param><embed src=\"https:\/\/www.youtube.com\/v\/HSS7tEme8U0&#038;hl=de&#038;fs=1&#038;\" type=\"application\/x-shockwave-flash\" allowscriptaccess=\"always\" allowfullscreen=\"true\" width=\"425\" height=\"344\"><\/embed><\/object><br \/>\nWesterwelle About Dynamic And The &#8222;Aufschwung&#8220; In English<\/p>\n<p>Darf man sich angesichts solcher bescheidener Sprachversuche wundern, wenn \u00fcber <a href=\"http:\/\/www.heute.de\/ZDFheute\/inhalt\/25\/0,3672,7919865,00.html\" target=\"_blank\">Westerwelle speaking<\/a> gel\u00e4stert wird? <a href=\"https:\/\/www.youtube.com\/watch?v=n4qnOJtvd7A\" target=\"_blank\">SWR3 Comedy<\/a> l\u00e4sst uns lauschen, wie Westerwelle Englisch lernt.<\/p>\n<p>Wie ich anfangs schrieb, w\u00e4re es sinnvoll f\u00fcr einen Au\u00dfenminister, Fremdsprachen zu beherrschen, es ist aber nicht unabdingbar \u201aVoraussetzung\u2019 \u2013 wie z.B. Genscher zeigte (h\u00f6ren lie\u00df). Aber dieses Herumgedruckse und diese bescheidenen Englischsprechversuche sollte er dann in der \u00d6ffentlichkeit unterlassen. Sonst blamiert er sich nicht nur selbst, sondern ganz Deutschland. Was ich \u00fcbrigens nicht so ganz verstehe: Westerwelle ist ja nun an sein Ziel angekommen und \u00fcbernimmt Regierungsverantwortung mit seiner FDP. H\u00e4tte er sich da nicht auf sein angepeiltes Amt als Au\u00dfenminister etwas gr\u00fcndlicher vorbereiten k\u00f6nnen? Englisch lernen? \u00c4hnlich wie Lafontaine und Stoiber, so denke ich, wird er schon bald das Handtuch werfen. Als Politclown und Sch\u00f6nredner war es sicherlich nicht \u201aschlecht\u2019, aber in Amt und W\u00fcrden versagt er bereits jetzt schon.<\/p>\n","protected":false},"excerpt":{"rendered":"<p>F\u00fcr einen deutschen Bundesau\u00dfenminister ist es sicherlich hilfreich, wenn er mehrere Sprachen, zumindest die englische Sprache, flie\u00dfend beherrscht. Unser Neuer, der Guido Westerwelle, obwohl ansonsten mit einer gro\u00dfen Klappe gesegnet, scheint was Fremdsprachen betrifft nicht allzu viel drauf zu haben. Zun\u00e4chst: Bei seiner ersten Pressekonferenz nach der Wahl hat sich Guido Westerwelle geweigert, eine Frage &hellip; <a href=\"https:\/\/willizblog.de\/?p=2308\" class=\"more-link\"><span class=\"screen-reader-text\">Westerwelle speaking<\/span> weiterlesen <span class=\"meta-nav\">&rarr;<\/span><\/a><\/p>\n","protected":false},"author":1,"featured_media":0,"comment_status":"open","ping_status":"open","sticky":false,"template":"","format":"standard","meta":[],"categories":[12],"tags":[],"_links":{"self":[{"href":"https:\/\/willizblog.de\/index.php?rest_route=\/wp\/v2\/posts\/2308"}],"collection":[{"href":"https:\/\/willizblog.de\/index.php?rest_route=\/wp\/v2\/posts"}],"about":[{"href":"https:\/\/willizblog.de\/index.php?rest_route=\/wp\/v2\/types\/post"}],"author":[{"embeddable":true,"href":"https:\/\/willizblog.de\/index.php?rest_route=\/wp\/v2\/users\/1"}],"replies":[{"embeddable":true,"href":"https:\/\/willizblog.de\/index.php?rest_route=%2Fwp%2Fv2%2Fcomments&post=2308"}],"version-history":[{"count":0,"href":"https:\/\/willizblog.de\/index.php?rest_route=\/wp\/v2\/posts\/2308\/revisions"}],"wp:attachment":[{"href":"https:\/\/willizblog.de\/index.php?rest_route=%2Fwp%2Fv2%2Fmedia&parent=2308"}],"wp:term":[{"taxonomy":"category","embeddable":true,"href":"https:\/\/willizblog.de\/index.php?rest_route=%2Fwp%2Fv2%2Fcategories&post=2308"},{"taxonomy":"post_tag","embeddable":true,"href":"https:\/\/willizblog.de\/index.php?rest_route=%2Fwp%2Fv2%2Ftags&post=2308"}],"curies":[{"name":"wp","href":"https:\/\/api.w.org\/{rel}","templated":true}]}}