{"id":2321,"date":"2009-11-01T18:07:35","date_gmt":"2009-11-01T16:07:35","guid":{"rendered":"http:\/\/www.willizblog.de\/?p=2321"},"modified":"2011-10-10T08:39:24","modified_gmt":"2011-10-10T07:39:24","slug":"island-riesenansturm-auf-die-letzten-burger","status":"publish","type":"post","link":"https:\/\/willizblog.de\/?p=2321","title":{"rendered":"Island: Riesenansturm auf die letzten Burger"},"content":{"rendered":"<p>1990 startete ich mit meiner Frau und Bekannten 1990 eine Rundreise durch <a href=\"http:\/\/www.albin.de\/island.html\" target=\"_blank\">Island<\/a> in der Hauptstadt <a href=\"https:\/\/de.wikipedia.org\/wiki\/Reykjav%C3%ADk\" target=\"_blank\">Reykjav\u00edk<\/a>. Dort endete die Reise dann auch nach drei Wochen. Reykjav\u00edk ist die am n\u00f6rdlichsten gelegene Hauptstadt der Welt. Mit ihren knapp 120.000 Einwohnern ist die Stadt \u00fcbersichtlich. Vor nun fast 20 Jahren gab es in Reykjavik ein <a href=\"https:\/\/de.wikipedia.org\/wiki\/Hard_Rock_Cafe\" target=\"_blank\">Hard Rock Cafe<\/a>, das wir besuchten, um uns etwas zu st\u00e4rken und Kaffee zu trinken. Island ist ein typisches Kaffeetrinker-Land. Und in den Restaurants und Cafes zahlt man in der Regel f\u00fcr den Kaffee nur einmal \u2013 und kann dann das braune Ges\u00f6ff trinken bis zum Herzinfarkt (siehe hierzu auch meinen Beitrag: <a href=\"https:\/\/www.willizblog.de\/?p=858\" target=\"_blank\">Was ist blo\u00df mit Ian los? Teil 66: Von Island nach Griechenland<\/a>)<\/p>\n<p>Die Hard Rock Cafes gibt es <a href=\"http:\/\/www.hardrock.com\/locations\/cafes3\/locator.aspx\" target=\"_blank\">weltweit<\/a>; das Cafe in Reykjav\u00edk muss aber bereits vor einigen Jahren geschlossen haben (genau gesagt am <a href=\"http:\/\/www.hardrockcafes.info\/deutsch\/news.htm\" target=\"_blank\">29.05.2005<\/a>). 1990 gab es, wenn ich mich nicht t\u00e4usche, auf Island noch keinen Fast Food-Laden der McDonald-Kette. Das muss sich dann aber in den folgenden Jahren ge\u00e4ndert haben.<\/p>\n<p><img src=\"https:\/\/www.albinz.net\/models\/island01kl.jpg\" alt=\"Island-Urlaub 1990: Reykjavik\" \/><\/p>\n<p>Aber wie dem Hard Rock Cafe 2005 geht es nun den McDonald&#8217;s-Filialen in Island. Wegen der Finanzkrise (die Zutaten f\u00fcr die Burger wurden aus Deutschland importiert) schlie\u00dft die Fast Food-Kette alle ihre Filialen. So gab es in Reykjavik einen letzten, gro\u00dfen Ansturm: <a href=\"http:\/\/www.derwesten.de\/nachrichten\/panorama\/McDonald-s-kehrt-Island-den-Ruecken-id13220.html\" target=\"_blank\">Schlange stehen f\u00fcr den letzten &#8222;Big Mac\u201c<\/a>.<\/p>\n","protected":false},"excerpt":{"rendered":"<p>1990 startete ich mit meiner Frau und Bekannten 1990 eine Rundreise durch Island in der Hauptstadt Reykjav\u00edk. Dort endete die Reise dann auch nach drei Wochen. Reykjav\u00edk ist die am n\u00f6rdlichsten gelegene Hauptstadt der Welt. Mit ihren knapp 120.000 Einwohnern ist die Stadt \u00fcbersichtlich. Vor nun fast 20 Jahren gab es in Reykjavik ein Hard &hellip; <a href=\"https:\/\/willizblog.de\/?p=2321\" class=\"more-link\"><span class=\"screen-reader-text\">Island: Riesenansturm auf die letzten Burger<\/span> weiterlesen <span class=\"meta-nav\">&rarr;<\/span><\/a><\/p>\n","protected":false},"author":1,"featured_media":0,"comment_status":"open","ping_status":"open","sticky":false,"template":"","format":"standard","meta":[],"categories":[1,10],"tags":[],"_links":{"self":[{"href":"https:\/\/willizblog.de\/index.php?rest_route=\/wp\/v2\/posts\/2321"}],"collection":[{"href":"https:\/\/willizblog.de\/index.php?rest_route=\/wp\/v2\/posts"}],"about":[{"href":"https:\/\/willizblog.de\/index.php?rest_route=\/wp\/v2\/types\/post"}],"author":[{"embeddable":true,"href":"https:\/\/willizblog.de\/index.php?rest_route=\/wp\/v2\/users\/1"}],"replies":[{"embeddable":true,"href":"https:\/\/willizblog.de\/index.php?rest_route=%2Fwp%2Fv2%2Fcomments&post=2321"}],"version-history":[{"count":0,"href":"https:\/\/willizblog.de\/index.php?rest_route=\/wp\/v2\/posts\/2321\/revisions"}],"wp:attachment":[{"href":"https:\/\/willizblog.de\/index.php?rest_route=%2Fwp%2Fv2%2Fmedia&parent=2321"}],"wp:term":[{"taxonomy":"category","embeddable":true,"href":"https:\/\/willizblog.de\/index.php?rest_route=%2Fwp%2Fv2%2Fcategories&post=2321"},{"taxonomy":"post_tag","embeddable":true,"href":"https:\/\/willizblog.de\/index.php?rest_route=%2Fwp%2Fv2%2Ftags&post=2321"}],"curies":[{"name":"wp","href":"https:\/\/api.w.org\/{rel}","templated":true}]}}