{"id":233,"date":"2005-09-22T00:00:12","date_gmt":"2005-09-21T23:00:12","guid":{"rendered":"http:\/\/www.albinz.de\/blog\/?p=233"},"modified":"2005-10-20T09:09:41","modified_gmt":"2005-10-20T07:09:41","slug":"22-september-2005-tag-und-nachtgleiche","status":"publish","type":"post","link":"https:\/\/willizblog.de\/?p=233","title":{"rendered":"22. September 2005: Tag- und Nachtgleiche"},"content":{"rendered":"<p>Am 22. September um 23.23 Uhr MEZ \u00fcberquert die senkrecht stehende Sonne den \u00c4quator und verl\u00e4sst die Nordhalbkugel bis zum n\u00e4chsten Fr\u00fchling. Astronomisch markiert dieser Zeitpunkt den Herbstbeginn, der ebenso wie der Fr\u00fchlingsbeginn als Tag- und Nachtgleiche oder \u00c4quinoktium bezeichnet wird. An diesem Tag ist es an allen Punkten der Erde 12 Stunden Tag und 12 Stunden Nacht; direkt an den beiden Polen steht die Sonne 24 Stunden lang zur H\u00e4lfte \u00fcber dem (theoretisch flachem) Horizont. Danach beginnt in der Arktis die Polarnacht, in der Antarktis der Polartag.<\/p>\n<p><img src=\"https:\/\/www.willizblog.de\/albpics\/sonne.gif\" alt=\"Sonnenaufgang\/Sonnenuntergang\" \/><\/p>\n<p>Die obrige \u00dcbersicht gibt die Sonnenauf- und Sonnenunterg\u00e4nge und die Dauer des jeweiligen Tages in den St\u00e4dten Hamburg, Thule, Akureyri und Singapur sowohl zum Fr\u00fchlings-, Sommer-, Herbst- und Winteranfang wieder. Die Werte stammen aus den Jahren 1999\/2000, sind nat\u00fcrlich fast identisch mit den Werten dieses Jahres.<\/p>\n","protected":false},"excerpt":{"rendered":"<p>Am 22. September um 23.23 Uhr MEZ \u00fcberquert die senkrecht stehende Sonne den \u00c4quator und verl\u00e4sst die Nordhalbkugel bis zum n\u00e4chsten Fr\u00fchling. Astronomisch markiert dieser Zeitpunkt den Herbstbeginn, der ebenso wie der Fr\u00fchlingsbeginn als Tag- und Nachtgleiche oder \u00c4quinoktium bezeichnet wird. An diesem Tag ist es an allen Punkten der Erde 12 Stunden Tag und &hellip; <a href=\"https:\/\/willizblog.de\/?p=233\" class=\"more-link\"><span class=\"screen-reader-text\">22. September 2005: Tag- und Nachtgleiche<\/span> weiterlesen <span class=\"meta-nav\">&rarr;<\/span><\/a><\/p>\n","protected":false},"author":1,"featured_media":0,"comment_status":"closed","ping_status":"closed","sticky":false,"template":"","format":"standard","meta":[],"categories":[20],"tags":[],"_links":{"self":[{"href":"https:\/\/willizblog.de\/index.php?rest_route=\/wp\/v2\/posts\/233"}],"collection":[{"href":"https:\/\/willizblog.de\/index.php?rest_route=\/wp\/v2\/posts"}],"about":[{"href":"https:\/\/willizblog.de\/index.php?rest_route=\/wp\/v2\/types\/post"}],"author":[{"embeddable":true,"href":"https:\/\/willizblog.de\/index.php?rest_route=\/wp\/v2\/users\/1"}],"replies":[{"embeddable":true,"href":"https:\/\/willizblog.de\/index.php?rest_route=%2Fwp%2Fv2%2Fcomments&post=233"}],"version-history":[{"count":0,"href":"https:\/\/willizblog.de\/index.php?rest_route=\/wp\/v2\/posts\/233\/revisions"}],"wp:attachment":[{"href":"https:\/\/willizblog.de\/index.php?rest_route=%2Fwp%2Fv2%2Fmedia&parent=233"}],"wp:term":[{"taxonomy":"category","embeddable":true,"href":"https:\/\/willizblog.de\/index.php?rest_route=%2Fwp%2Fv2%2Fcategories&post=233"},{"taxonomy":"post_tag","embeddable":true,"href":"https:\/\/willizblog.de\/index.php?rest_route=%2Fwp%2Fv2%2Ftags&post=233"}],"curies":[{"name":"wp","href":"https:\/\/api.w.org\/{rel}","templated":true}]}}