{"id":2348,"date":"2009-11-09T01:01:10","date_gmt":"2009-11-08T23:01:10","guid":{"rendered":"http:\/\/www.willizblog.de\/?p=2348"},"modified":"2009-11-08T15:42:12","modified_gmt":"2009-11-08T13:42:12","slug":"als-die-mauer-fiel","status":"publish","type":"post","link":"https:\/\/willizblog.de\/?p=2348","title":{"rendered":"Als die Mauer fiel"},"content":{"rendered":"<p>Zwanzig Jahre ist es jetzt wieder her, als die Berliner Mauer fiel. Ich hatte kurze Zeit zuvor einen <a href=\"https:\/\/www.willizblog.de\/?p=2208\" target=\"_blank\">neuen Job<\/a> angetreten, einen befristeten Aushilfsjob, der sp\u00e4ter dann eine Festanstellung wurde. Nat\u00fcrlich bekam ich die Ereignisse in der DDR mit, die Montagsdemonstrationen, die dem SED-Regime kundtaten: \u201eWir sind das Volk!\u201c <a href=\"https:\/\/de.wikipedia.org\/wiki\/Michail_Sergejewitsch_Gorbatschow\" target=\"_blank\">Gorbatschow<\/a> lenkte seit dem 11. M\u00e4rz 1985 als Generalsekret\u00e4r der KPdSU die Geschicke der Sowjetunion und sorgte mit Glasnost (Offenheit) und Perestroika (Umstrukturierung) f\u00fcr einen schnellen Wandel. In Ost-Berlin wollte man davon zun\u00e4chst nichts wissen und feierte daf\u00fcr mit gro\u00dfen Aufmarsch den 40. Jahretag der Staatsgr\u00fcndung der DDR.<\/p>\n<p><object width=\"425\" height=\"344\"><param name=\"movie\" value=\"https:\/\/www.youtube.com\/v\/BcpYygFFW4M&#038;hl=de&#038;fs=1\"><\/param><param name=\"allowFullScreen\" value=\"true\"><\/param><param name=\"allowscriptaccess\" value=\"always\"><\/param><embed src=\"https:\/\/www.youtube.com\/v\/BcpYygFFW4M&#038;hl=de&#038;fs=1\" type=\"application\/x-shockwave-flash\" allowscriptaccess=\"always\" allowfullscreen=\"true\" width=\"425\" height=\"344\"><\/embed><\/object><br \/>\nVor 20 Jahren: Der Fall der Berliner Mauer<\/p>\n<p>Um so \u00fcberraschender dann die Meldung, dass die Grenzen zum Westen ge\u00f6ffnet werden. Ich h\u00f6rte davon im Radio auf der Arbeit in Hamburg. Zuhause verfolgten wir die weiteren Ereignisse dann im Fernsehen. Der 9. November 1989 war ein Donnerstag \u2013 und einen Tag sp\u00e4ter fuhr ein <del>Trabi<\/del> <a href=\"https:\/\/de.wikipedia.org\/wiki\/Wartburg_(Pkw)\" target=\"_blank\">Wartburg<\/a> aus der Gegend von Mei\u00dfen in Tostedt vor mit Verwandten meiner sp\u00e4teren Frau (eine entfernte Cousine mit ihrem Mann und ein Onkel). Diese hatten einfach frei genommen und waren mit dem Auto losgefahren. Sie hatten sich am Vortag angek\u00fcndigt \u2013 und ich war mit meiner sp\u00e4teren Frau am Samstagmorgen nach Tostedt mit der Bahn angereist. Eigentlich kannten wir sie nicht n\u00e4her, aber wir fielen uns in die Arme wie Geliebte, die sich lange nicht mehr gesehen haben. Es war eine Triumphfahrt durch Tostedt mit dem Wartburg, alle Leute winkten uns zu. So etwas hatte ich bisher noch nicht erlebt.<\/p>\n<p>Den Jahreswechsel von 1989 auf 1990 feierten wir dann bei dem jungen Paar in Sachsen. Dazu flogen wir von Hamburg aus mit der DDR-Fluggesellschaft Interflug nach Dresden, wo uns die Verwandten abholten. Es wurde ein feucht-fr\u00f6hlicher Jahreswechsel.<\/p>\n<p>Siehe auch zdf.de: <a href=\"http:\/\/www.heute.de\/ZDFheute\/inhalt\/12\/0,3672,7923180,00.html\" target=\"_blank\">Wo warst du, als die Mauer fiel? (mit Facebook-Posts)<\/a><\/p>\n<p>Bald nach dem 9. November wurde aus dem Ruf \u201eWir sind das Volk!\u201c ein \u201eWir sind ein Volk!\u201c. Nur war ein Wort anders, aber mit gro\u00dfer Wirkung, wie wir heute wissen.<\/p>\n","protected":false},"excerpt":{"rendered":"<p>Zwanzig Jahre ist es jetzt wieder her, als die Berliner Mauer fiel. Ich hatte kurze Zeit zuvor einen neuen Job angetreten, einen befristeten Aushilfsjob, der sp\u00e4ter dann eine Festanstellung wurde. Nat\u00fcrlich bekam ich die Ereignisse in der DDR mit, die Montagsdemonstrationen, die dem SED-Regime kundtaten: \u201eWir sind das Volk!\u201c Gorbatschow lenkte seit dem 11. M\u00e4rz &hellip; <a href=\"https:\/\/willizblog.de\/?p=2348\" class=\"more-link\"><span class=\"screen-reader-text\">Als die Mauer fiel<\/span> weiterlesen <span class=\"meta-nav\">&rarr;<\/span><\/a><\/p>\n","protected":false},"author":1,"featured_media":0,"comment_status":"open","ping_status":"open","sticky":false,"template":"","format":"standard","meta":[],"categories":[12,11],"tags":[],"_links":{"self":[{"href":"https:\/\/willizblog.de\/index.php?rest_route=\/wp\/v2\/posts\/2348"}],"collection":[{"href":"https:\/\/willizblog.de\/index.php?rest_route=\/wp\/v2\/posts"}],"about":[{"href":"https:\/\/willizblog.de\/index.php?rest_route=\/wp\/v2\/types\/post"}],"author":[{"embeddable":true,"href":"https:\/\/willizblog.de\/index.php?rest_route=\/wp\/v2\/users\/1"}],"replies":[{"embeddable":true,"href":"https:\/\/willizblog.de\/index.php?rest_route=%2Fwp%2Fv2%2Fcomments&post=2348"}],"version-history":[{"count":0,"href":"https:\/\/willizblog.de\/index.php?rest_route=\/wp\/v2\/posts\/2348\/revisions"}],"wp:attachment":[{"href":"https:\/\/willizblog.de\/index.php?rest_route=%2Fwp%2Fv2%2Fmedia&parent=2348"}],"wp:term":[{"taxonomy":"category","embeddable":true,"href":"https:\/\/willizblog.de\/index.php?rest_route=%2Fwp%2Fv2%2Fcategories&post=2348"},{"taxonomy":"post_tag","embeddable":true,"href":"https:\/\/willizblog.de\/index.php?rest_route=%2Fwp%2Fv2%2Ftags&post=2348"}],"curies":[{"name":"wp","href":"https:\/\/api.w.org\/{rel}","templated":true}]}}