{"id":235,"date":"2005-09-18T09:30:53","date_gmt":"2005-09-18T08:30:53","guid":{"rendered":"http:\/\/www.albinz.de\/blog\/?p=235"},"modified":"2005-10-20T09:11:11","modified_gmt":"2005-10-20T07:11:11","slug":"williz-wahlprognose","status":"publish","type":"post","link":"https:\/\/willizblog.de\/?p=235","title":{"rendered":"WilliZ Wahlprognose"},"content":{"rendered":"<p>Heute ist also Bundestagswahl. Die Wahllokale sind seit 1 1\/2 Stunden ge\u00f6ffnet. Der Ausgang ist nach &#8218;offiziellen&#8216; Prognosen offen. Nach letztem Stand erreichen CDU\/CSU und FDP rd. 48 %, Rot-Rot-Gr\u00fcn 49 % der Stimmen. Und den Wechsel wollen eigentlich weniger als 47 % der W\u00e4hler. Bleibt es also beim Alten?<\/p>\n<p>Geht man von den genannten Prognosen aus, dann kann es das nicht, da ja die Linkspartei &#8218;Die Linke.PDS&#8216; zum Z\u00fcnglein an der Waage werden kann. Und da Herr Westerwelles FDP eine Ampelkoalition kategorisch (wie kategorisch, wird sich erst noch zeigen) ausschlie\u00dft, k\u00f6nnte sich am Ende eine gro\u00dfe Koalition durchsetzen. An eine rot-rot-gr\u00fcne Koalition mag ich nicht zu glauben, die Luxuslinken-Herren Gysi und Lafontaine passen irgendwie nicht ins Konzept (von wem auch immer).<\/p>\n<p>Selbst wenn das Ergebnis der Wahl feststeht &#8211; so werden wir am Ende dieses Tages, so meine bescheidene Prognose, noch lange nicht wissen, wer uns in den n\u00e4chsten Jahren (von vier Jahren wage ich nicht zu sprechen) regieren wird. Ach doch, ich wei\u00df, wer uns regieren wird: <em>Das Geld!<\/em><\/p>\n","protected":false},"excerpt":{"rendered":"<p>Heute ist also Bundestagswahl. Die Wahllokale sind seit 1 1\/2 Stunden ge\u00f6ffnet. Der Ausgang ist nach &#8218;offiziellen&#8216; Prognosen offen. Nach letztem Stand erreichen CDU\/CSU und FDP rd. 48 %, Rot-Rot-Gr\u00fcn 49 % der Stimmen. Und den Wechsel wollen eigentlich weniger als 47 % der W\u00e4hler. Bleibt es also beim Alten? Geht man von den genannten &hellip; <a href=\"https:\/\/willizblog.de\/?p=235\" class=\"more-link\"><span class=\"screen-reader-text\">WilliZ Wahlprognose<\/span> weiterlesen <span class=\"meta-nav\">&rarr;<\/span><\/a><\/p>\n","protected":false},"author":1,"featured_media":0,"comment_status":"closed","ping_status":"closed","sticky":false,"template":"","format":"standard","meta":[],"categories":[29],"tags":[],"_links":{"self":[{"href":"https:\/\/willizblog.de\/index.php?rest_route=\/wp\/v2\/posts\/235"}],"collection":[{"href":"https:\/\/willizblog.de\/index.php?rest_route=\/wp\/v2\/posts"}],"about":[{"href":"https:\/\/willizblog.de\/index.php?rest_route=\/wp\/v2\/types\/post"}],"author":[{"embeddable":true,"href":"https:\/\/willizblog.de\/index.php?rest_route=\/wp\/v2\/users\/1"}],"replies":[{"embeddable":true,"href":"https:\/\/willizblog.de\/index.php?rest_route=%2Fwp%2Fv2%2Fcomments&post=235"}],"version-history":[{"count":0,"href":"https:\/\/willizblog.de\/index.php?rest_route=\/wp\/v2\/posts\/235\/revisions"}],"wp:attachment":[{"href":"https:\/\/willizblog.de\/index.php?rest_route=%2Fwp%2Fv2%2Fmedia&parent=235"}],"wp:term":[{"taxonomy":"category","embeddable":true,"href":"https:\/\/willizblog.de\/index.php?rest_route=%2Fwp%2Fv2%2Fcategories&post=235"},{"taxonomy":"post_tag","embeddable":true,"href":"https:\/\/willizblog.de\/index.php?rest_route=%2Fwp%2Fv2%2Ftags&post=235"}],"curies":[{"name":"wp","href":"https:\/\/api.w.org\/{rel}","templated":true}]}}