{"id":2354,"date":"2009-11-10T01:01:08","date_gmt":"2009-11-09T23:01:08","guid":{"rendered":"http:\/\/www.willizblog.de\/?p=2354"},"modified":"2009-11-10T09:09:59","modified_gmt":"2009-11-10T07:09:59","slug":"anspruch-und-wirklichkeit","status":"publish","type":"post","link":"https:\/\/willizblog.de\/?p=2354","title":{"rendered":"Anspruch und Wirklichkeit"},"content":{"rendered":"<p>Der 12. Spieltag in der Fu\u00dfball-Bundesliga ist absolviert und die Tabelle wartet mit einigen \u00dcberraschungen auf. Fange ich mit den Bayern an, die sich wohl kaum haben tr\u00e4umen lassen, nach einem Drittel der Saison nur auf Platz neun zu stehen. Okay, vom Zweiten der Liga trennen die M\u00fcnchener gerade einmal drei Punkte. Aber was interessieren sich die Bayern f\u00fcr den zweiten Platz. Zum ersten sind es dann schon sechs P\u00fcnktchen.<\/p>\n<p><a href=\"http:\/\/sportstudio.zdf.de\/ZDFde\/inhalt\/27\/0,1872,7926939,00.html\" target=\"_blank\">Was ist los mit den Bayern?<\/a> Mit van Gaal haben die Obersten des Vereins ihren \u201aWunschtrainer\u2019 und Franck Rib\u00e9ry konnte gehalten werden (noch). Und mit Investitionen in H\u00f6he von \u00fcber 70 Millionen Euro f\u00fcr Spieler wie Pranjic, Tymoshchuk, Arjen Robben und Mario Gomez (der allein kostete 30 Millionen) liegt Bayern M\u00fcnchen auf europ\u00e4ischen Spitzenniveau. Aber von Spitze, national wie international, keine Spur. In der Champions League droht bereits in der Gruppenphase das Aus. Ich will hier nicht analysieren; das k\u00f6nnen andere besser. Den Bayern wurde von unabh\u00e4ngiger Stelle bescheinigt, dass sie finanziell gesehen ein absolutes Topmanagement haben. Aber wie sieht es auf der psychologischen Seite aus? Sicherlich ist es nicht ganz richtig, wenn ein Spieler wie Philipp Lahm in aller \u00d6ffentlichkeit schonungslos Kritik \u00fcbt \u2013 sowohl am Management, sprich an der Personalpolitik, als auch am Spielsystem. Aber man tut sich keinen Gefallen daran, wenn man Lahm mit der h\u00f6chsten Geldstrafe der Vereinsgeschichte belegt. Auch Luca Toni, der das Stadion nach seiner Auswechslung fluchtartig verlassen hatte, bekam den Zorn der Vereinsf\u00fchrung zu sp\u00fcren. Lahm hat noch vor kurzem seinen Vertrag verl\u00e4ngert, dabei wollte er gern ins Ausland (z.B. zu Real Madrid) gehen. Dieser Wunsch d\u00fcrfte jetzt wieder aufflammen.<\/p>\n<p>Mir ist es eigentlich gleich, was mit den Bayern los ist; zz. dienen sie auf jeden Fall als abschreckendes Beispiel f\u00fcr Management und Spielkultur \u2013 wie man es nicht machen sollte.<\/p>\n<p>Komme ich so auf den SV Werder Bremen zu sprechen. Vor einem Jahr krebsten die Bremer auch in etwa dort herum, wo die Bayern jetzt sind, sie waren 10. wie auch am Saisonende. Nat\u00fcrlich wurde man damals bei Werder kribbelig. Aber man hat die Ruhe bewahrt. Und trotz des Abgangs von Diego \u2013 ist Werder jetzt Tabellenzweiter. Nat\u00fcrlich l\u00e4uft auch bei den Bremern nicht alles rund. In den letzten Pflichtspielen hatte man viel Gl\u00fcck (der 2:0-Sieg gegen Austria Wien in der UEFA Europa League kam \u00e4u\u00dferst gl\u00fccklich zu Stande \u2013 und das 2:2 in N\u00fcrnberg, in letzter Sekunde erzielt, zeugt von viel Dusel). Aber manchmal geh\u00f6rt auch das dazu, wenn man oben mitspielt.<\/p>\n<p>Was macht den Unterschied zum Vorjahr bei Werder aus? Zun\u00e4chst hat Trainer <a href=\"https:\/\/www.willizblog.de\/?p=1718\" target=\"_blank\">Thomas Schaaf<\/a> etwas am System gedreht. Rehhagels <a href=\"https:\/\/www.willizblog.de\/?p=2075\" target=\"_blank\">\u201ekontrollierte Offensive\u201c mit verst\u00e4rktem Mittelfeld<\/a> bringt hinten mehr Entlastungen. Dann sind es aber auch die Spieler selbst: <a href=\"https:\/\/www.willizblog.de\/?p=2115\" target=\"_blank\">Mesut \u00d6zil<\/a> ist aus dem Schatten von Diego getreten, spielt eine Supersaison, wenn es zuletzt auch etwas weniger gut lief. Es ist jung und muss erst einmal mit der <a href=\"https:\/\/www.willizblog.de\/?p=2130\" target=\"_blank\">Hype um seine Person<\/a> klarkommen. \u00c4hnliches ist von <a href=\"https:\/\/de.wikipedia.org\/wiki\/Marko_Marin\" target=\"_blank\">Marko Marin<\/a> und <a href=\"https:\/\/de.wikipedia.org\/wiki\/Aaron_Hunt\" target=\"_blank\">Aaron Hunt<\/a> zu vermelden. Marin hat sich ziemlich gut in die Mannschaft eingef\u00fcgt. Und Aaron Hunt, endlich einmal nicht von Verletzungen geplagt, zeigt, was er drauf hat. Da ist die Nominierung f\u00fcr die Nationalmannschaft kein Wunder (immerhin ist auch der englische Nationaltrainer Fabio Capello auf Hunt aufmerksam geworden \u2013 Hunts Mutter ist Engl\u00e4nderin, er k\u00f6nnte also auch f\u00fcr England spielen).<\/p>\n<p><img src=\"https:\/\/www.willizblog.de\/blogpicts\/werder0910_st12_hunt.jpg\" alt=\"BL 2009\/10 12. Spieltag Werder Bremen - Borussia Dortmund (Aaron Hunt)\" \/><\/p>\n<p>Aber auch Spieler wie Tim Wiese, Frings, Pizarro und Sebastian Boenisch (um Letzteren wirbt zz. sehr intensiv der polnische Nationaltrainer, Franciszek Smuda. Boenisch wurde in Polen geboren und k\u00f6nnte trotz der 20 Nachwuchs-L\u00e4nderspiele f\u00fcr Deutschland f\u00fcr Polen in der A-Mannschaft spielen) zeigen konstant gute Leistungen (leider sind Frings und Pizarro im Augenblick verletzt, was vielleicht auch daf\u00fcr spricht, dass das Spiel der Bremer zuletzt etwas aus den Fugen geraten ist).<\/p>\n<p>Im Gegensatz zu van Gaal scheint mir Thomas Schaaf seinen Spielern immer noch so etwas wie Spielfreude abzugewinnen. Bei Werder ist alles etwas kleiner als bei den Bayern \u2013 \u00fcbersichtlicher und famili\u00e4rer. Daf\u00fcr sorgt schon Thomas Schaaf, der so etwas wie eine kumpelhafte Vaterfigur abgibt. Vor allem schenkt er seinen Spielern Vertrauen (wie im Fall Marin, den er immer wieder von Anfang an spielen l\u00e4sst) im Gegensatz zu van Gaal (Gomez sitzt zz. mehr auf der Bank als er spielt). Geld allein regiert nicht die Fu\u00dfball-Welt. Was n\u00fctzen den Bayern 4 oder 5 Mittelst\u00fcrmer, wenn es in der Abwehr hapert.<\/p>\n<p>F\u00fcr den SV Werder Bremen kommt die L\u00e4nderspielpause gerade recht, auch wenn viele Spieler f\u00fcr ihre Nationalmannschaften nominiert sind (Wiese, \u00d6zil, Mertesacker, Marin und Hunt allein f\u00fcr die <a href=\"http:\/\/www.werder.de\/aktuelles\/news\/meldung.php\/16862\/Bundesadler-statt-gruenweisser-Raute-Halb-Werder-zum-DFB\" target=\"_blank\">deutsche A-Mannschaft<\/a>). Die vielen <a href=\"https:\/\/de.wikipedia.org\/wiki\/Englische_Woche\" target=\"_blank\">englischen Wochen<\/a> der letzten Zeit nagen schon an der Substanz. Immerhin Zeit f\u00fcr Frings und Pizarro, um von ihren Verletzungen rechtzeitig zu genesen.<\/p>\n<p>Ist das Team wieder vollst\u00e4ndig, dann sollte es auch wieder zu alter Spielst\u00e4rke zur\u00fcckfinden. Und dann d\u00fcrfte Werder Bremen auch weiterhin in der Liga oben mitmischen. Aber freuen wir uns erst einmal auf den Einsatz von Wiese und Co. im Freundschaftsl\u00e4nderspiel gegen Chile in K\u00f6ln am Samstag, den 14. November. Am Mittwoch, den 18. November, geht es dann in Gelsenkirchen gegen die Elfenbeink\u00fcste, die sich bereits wie Chile f\u00fcr die <a href=\"https:\/\/www.willizblog.de\/?p=2263\" target=\"_blank\">WM 2010<\/a> qualifiziert haben.<\/p>\n<p><strong>Nachtrag:<\/strong> Der 13-malige englische Meister FC Arsenal soll an einer Verpflichtung von Mesut \u00d6zil interessiert ist. Wie der &#8222;Daily Star&#8220; berichtete, wollen die Gunners f\u00fcr den Mittelfeldspieler von Werder Bremen im Sommer 17 Millionen Euro Abl\u00f6se zahlen, um sich dessen Dienste zu sichern. Arsenals Teammanager Arsene Wenger soll \u00d6zil als Wunschkandidaten auf der Liste haben. Der Klub aus London rechnet damit, dass in der Sommerpause der Spanier Cesc Fabregas zum FC Barcelona in seine Heimat zur\u00fcckkehrt. \u00d6zil soll dann dessen Rolle einnehmen.<\/p>\n<p>Der 21-j\u00e4hrige \u00d6zil, der bei Werder noch bis 2011 unter Vertrag steht, hat bislang sechs L\u00e4nderspiele bestritten. Bremens Manager Klaus Allofs w\u00fcrde den Kontrakt mit dem U21-Europameister gerne verl\u00e4ngern, bislang konnte aber keine Einigung erzielt werden. <\/p>\n","protected":false},"excerpt":{"rendered":"<p>Der 12. Spieltag in der Fu\u00dfball-Bundesliga ist absolviert und die Tabelle wartet mit einigen \u00dcberraschungen auf. Fange ich mit den Bayern an, die sich wohl kaum haben tr\u00e4umen lassen, nach einem Drittel der Saison nur auf Platz neun zu stehen. Okay, vom Zweiten der Liga trennen die M\u00fcnchener gerade einmal drei Punkte. Aber was interessieren &hellip; <a href=\"https:\/\/willizblog.de\/?p=2354\" class=\"more-link\"><span class=\"screen-reader-text\">Anspruch und Wirklichkeit<\/span> weiterlesen <span class=\"meta-nav\">&rarr;<\/span><\/a><\/p>\n","protected":false},"author":1,"featured_media":0,"comment_status":"open","ping_status":"open","sticky":false,"template":"","format":"standard","meta":[],"categories":[27],"tags":[],"_links":{"self":[{"href":"https:\/\/willizblog.de\/index.php?rest_route=\/wp\/v2\/posts\/2354"}],"collection":[{"href":"https:\/\/willizblog.de\/index.php?rest_route=\/wp\/v2\/posts"}],"about":[{"href":"https:\/\/willizblog.de\/index.php?rest_route=\/wp\/v2\/types\/post"}],"author":[{"embeddable":true,"href":"https:\/\/willizblog.de\/index.php?rest_route=\/wp\/v2\/users\/1"}],"replies":[{"embeddable":true,"href":"https:\/\/willizblog.de\/index.php?rest_route=%2Fwp%2Fv2%2Fcomments&post=2354"}],"version-history":[{"count":0,"href":"https:\/\/willizblog.de\/index.php?rest_route=\/wp\/v2\/posts\/2354\/revisions"}],"wp:attachment":[{"href":"https:\/\/willizblog.de\/index.php?rest_route=%2Fwp%2Fv2%2Fmedia&parent=2354"}],"wp:term":[{"taxonomy":"category","embeddable":true,"href":"https:\/\/willizblog.de\/index.php?rest_route=%2Fwp%2Fv2%2Fcategories&post=2354"},{"taxonomy":"post_tag","embeddable":true,"href":"https:\/\/willizblog.de\/index.php?rest_route=%2Fwp%2Fv2%2Ftags&post=2354"}],"curies":[{"name":"wp","href":"https:\/\/api.w.org\/{rel}","templated":true}]}}