{"id":2369,"date":"2009-11-14T17:37:18","date_gmt":"2009-11-14T15:37:18","guid":{"rendered":"http:\/\/www.willizblog.de\/?p=2369"},"modified":"2009-11-14T17:37:18","modified_gmt":"2009-11-14T15:37:18","slug":"wie-konnte-es-geschehen","status":"publish","type":"post","link":"https:\/\/willizblog.de\/?p=2369","title":{"rendered":"Wie konnte es geschehen?"},"content":{"rendered":"<p><em>Wo soll ich noch nach weiteren Irrt\u00fcmern und Fehlern suchen, die unsere jetzige Lage mit erkl\u00e4ren k\u00f6nnen? Wir haben unsere Gegner untersch\u00e4tzt und uns \u00fcbersch\u00e4tzt. Darin liegt die Ursache unseres Untergangs. Ich aber spreche mich nach diesem R\u00fcckblick \u00fcber Aufstieg und Ende unserer Partei von der Schuld frei, in meinem Gebiet der Propaganda etwas vers\u00e4umt zu haben, das dieses Ende h\u00e4tte verhindern k\u00f6nnen. Die einzige Waffe, die bis zum Augenblick scharf und kriegsf\u00f6rdernd geblieben ist, ist unsere Propaganda. Ich habe sie, d.h. die Kunst, glaubhaft zu l\u00fcgen, zu einer Gro\u00dfmacht entwickelt. Denn wenn selbst jetzt noch breite Massen an eine Wendung zu unseren Gunsten glauben, wenn angesichts der Feinde vor Berlin und des Anflutens der feindlichen Massen von Westen her die Hoffnung auf unseren Sieg noch lebt, dann ist das der beste Beweis f\u00fcr die Macht einer modernen Propaganda, die der Masse alles einreden kann, selbst den Sieg in einer so hoffnungslosen Lage.<\/em><\/p>\n<p><em>Ich gestehe, da\u00df es mich mit Lust erf\u00fcllt hat, dieses Instrument der Massenf\u00fchrung zu benutzen, da\u00df es mein Ehrgeiz war, so meisterhaft und wirkungsvoll zu l\u00fcgen, da\u00df selbst die Wahrheit das Feld r\u00e4umen mu\u00dfte, da\u00df es ein k\u00f6stliches Gef\u00fchl war, Macht zu besitzen und einem Volke das Gesicht zu geben, das allein von dem Gesetz meiner Lehrmeister geformt wurde: der Zweck heiligt die Mittel.<\/em><\/p>\n<p>Das sind zwei Abs\u00e4tze aus dem Schluss eines Buches mit dem Titel: <a href=\"https:\/\/www.amazon.de\/gp\/product\/B0000BHY96?ie=UTF8&#038;tag=familiealbin-21&#038;linkCode=as2&#038;camp=1638&#038;creative=6742&#038;creativeASIN=B0000BHY96\" target=\"_blank\"> Wie konnte es geschehen?<\/a><img loading=\"lazy\" src=\"https:\/\/www.assoc-amazon.de\/e\/ir?t=familiealbin-21&#038;l=as2&#038;o=3&#038;a=B0000BHY96\" width=\"1\" height=\"1\" border=\"0\" alt=\"\" style=\"border:none !important; margin:0px !important;\" \/>, das 1945 im Verlag Das Volk Berlin erschien und von Max Fechner herausgegeben wurde. <a href=\"https:\/\/de.wikipedia.org\/wiki\/Max_Fechner\" target=\"_blank\">Max Fechner<\/a> (* 27. Juli 1892 in Berlin; \u2020 13. September 1973 in Sch\u00f6neiche) war sp\u00e4ter Minister f\u00fcr Justiz der DDR.<\/p>\n<p>Der Untertitel zu diesem Buch lautet: Ausz\u00fcge aus den Tageb\u00fcchern und Bekenntnissen eines Kriegsverbrechers \u2013 gemeint ist <a href=\"https:\/\/de.wikipedia.org\/wiki\/Joseph_Goebbels\" target=\"_blank\">Joseph Goebbels<\/a>. Goebbels war einer der f\u00fchrende K\u00f6pfe des Nationalsozialismus und Reichsminister f\u00fcr Volksaufkl\u00e4rung und Propaganda (Goebbels selbst war \u00fcbrigens nicht gl\u00fccklich \u00fcber diese Bezeichnung; sie war ihm zu offenkundig. Hitler bestand aber auf diesen Namen).<\/p>\n<p>Das kleine Buch lieh mir mein Nachbar, der pensionierte Pastor Otto K. (\u201eOtto find ich gut!\u201c), nach einem ausf\u00fchrlichen Gespr\u00e4ch \u00fcber Flucht und Vertreibung w\u00e4hrend des 2. Weltkrieges. Meine Frau und ich treffen uns \u00f6fter zum Kaffee mit Otto und seiner Lebenspartnerin. Es sind immer wieder anregende Gespr\u00e4che, die wir f\u00fchren.<\/p>\n<p>Die in diesem Buch ver\u00f6ffentlichten <a href=\"https:\/\/de.wikipedia.org\/wiki\/Joseph_Goebbels#Tageb.C3.BCcher\" target=\"_blank\">Tagebuchaufzeichnungen<\/a> scheinen tats\u00e4chlich von Goebbels zu sein. Die enthaltenen Bekenntnisse sind aber wohl doch nur fiktiv. Das Buch ist 1945 im Osten Deutschlands erschienen und diente wohl der Propaganda der Sowjets, um den Menschen zu verdeutlichen, welchem sadistischen Regime sie erlegen waren.<\/p>\n<p><img src=\"https:\/\/www.willizblog.de\/blogpicts\/goebbels_totaler_krieg.jpg\" alt=\"Goebbels' Sportpalastrede 1943: Wollt Ihr den totalen Krieg?\" \/><\/p>\n<p>Propaganda gegen Propaganda? Sicherlich. Ich habe die Tageb\u00fccher des Joseph Goebbels nie gelesen. Aber es ist bestimmt hoch interessant, aus dem Munde der T\u00e4ter selbst zu erfahren, was sie dachten, was sie veranlasste, diesen menschenverachtenden Apparat zu installieren. Wie kein anderes Regime zuvor (und wohl auch danach) setzten die Nationalsozialisten auf Propaganda. Mit dem Radio, dem <a href=\"https:\/\/de.wikipedia.org\/wiki\/Volksempf%C3%A4nger\" target=\"_blank\">Volksempf\u00e4nger<\/a> (im Volksmund \u201aGoebbelsschnauze\u2019 genannt), hatten die Nazis ein Ger\u00e4t, mit dem sie bis in die Wohnzimmer der Mitmenschen agitieren konnten. Und wie kein anderer verstand es Goebbels, seine Reden schlicht, aber einpr\u00e4gsam zu formulieren. H\u00f6hepunkt und Paradebeispiel der Rhetorik und der Propaganda ist die Rede vom 18. Februar 1943 im <a href=\"https:\/\/de.wikipedia.org\/wiki\/Sportpalastrede\" target=\"_blank\">Berliner Sportpalast<\/a>,  in der er zum <a href=\"https:\/\/de.wikipedia.org\/wiki\/Totaler_Krieg\" target=\"_blank\">\u201eTotalen Krieg\u201c<\/a> aufrief. F\u00fcr uns ist es heute kaum nachvollziehbar, wie hier ein Mann eine <a href=\"https:\/\/www.youtube.com\/watch?v=mVlZ2bxppsA\" target=\"_blank\">Masse zur \u201atotalen\u2019 Aufgabe ihres Denkens<\/a> bringen konnte.<\/p>\n<p>Nun das Buch enth\u00e4lt weitere aufschlussreiche Hinweise zum Aufstieg des Nationalsozialismus. F\u00fcr das Gro\u00dfkapital entwickelte es sich im Jahr 1933 zu einem Zweikampf zwischen Kommunisten und Nationalsozialisten, eigentlich ein Kampf in und um die Arbeiterschaft. Das B\u00fcrgertum schien auf der Strecke zu bleiben. Hier nun verstand es Hitler, Gro\u00dfb\u00fcrgertum und Industrie zu beruhigen und damit auf seine Seite zu bringen. Es wurde ein fast v\u00f6llig <a href=\"https:\/\/de.wikipedia.org\/wiki\/Autarkie\" target=\"_blank\">autarker<\/a> Binnenmarkt geschaffen, der auf R\u00fcstung setzte und damit dem Gro\u00dfkapital Geld und den Massen Arbeit verschaffte. Nach au\u00dfen hin war die deutsche Reichsmark nur wenig wert \u2013 aber wen interessierte das schon. Alles war auf Krieg ausgerichtet. Der Beginn des 2. Weltkrieges war dann nur noch die logische Konsequenz.<\/p>\n<p>Interessant ist dabei, wie die Nationalsozialisten, besonders aber Hitler, auf ihre eigene Propaganda hereingefallen sind. Je mehr Goebbels davon sprach, dass Hitler von der <a href=\"https:\/\/de.wikipedia.org\/wiki\/Vorsehung\" target=\"_blank\">Vorsehung<\/a> gesandt sei, um so mehr glaubte man das dann selbst. Und in diesem Glauben begann man, den Gegner, besonders Russland, zu untersch\u00e4tzen. Ein verh\u00e4ngnisvoller Fehler, wie wir wissen. Die <a href=\"https:\/\/de.wikipedia.org\/wiki\/Schlacht_von_Stalingrad\" target=\"_blank\">Schlacht um Stalingrad<\/a> markierte dann den Anfang vom Ende.<\/p>\n<p>siehe hierzu auch meinen Beitrag: <a href=\"https:\/\/www.willizblog.de\/?p=812\" target=\"_blank\">Bestie Mensch<\/a><\/p>\n","protected":false},"excerpt":{"rendered":"<p>Wo soll ich noch nach weiteren Irrt\u00fcmern und Fehlern suchen, die unsere jetzige Lage mit erkl\u00e4ren k\u00f6nnen? Wir haben unsere Gegner untersch\u00e4tzt und uns \u00fcbersch\u00e4tzt. Darin liegt die Ursache unseres Untergangs. Ich aber spreche mich nach diesem R\u00fcckblick \u00fcber Aufstieg und Ende unserer Partei von der Schuld frei, in meinem Gebiet der Propaganda etwas vers\u00e4umt &hellip; <a href=\"https:\/\/willizblog.de\/?p=2369\" class=\"more-link\"><span class=\"screen-reader-text\">Wie konnte es geschehen?<\/span> weiterlesen <span class=\"meta-nav\">&rarr;<\/span><\/a><\/p>\n","protected":false},"author":1,"featured_media":0,"comment_status":"open","ping_status":"open","sticky":false,"template":"","format":"standard","meta":[],"categories":[12],"tags":[],"_links":{"self":[{"href":"https:\/\/willizblog.de\/index.php?rest_route=\/wp\/v2\/posts\/2369"}],"collection":[{"href":"https:\/\/willizblog.de\/index.php?rest_route=\/wp\/v2\/posts"}],"about":[{"href":"https:\/\/willizblog.de\/index.php?rest_route=\/wp\/v2\/types\/post"}],"author":[{"embeddable":true,"href":"https:\/\/willizblog.de\/index.php?rest_route=\/wp\/v2\/users\/1"}],"replies":[{"embeddable":true,"href":"https:\/\/willizblog.de\/index.php?rest_route=%2Fwp%2Fv2%2Fcomments&post=2369"}],"version-history":[{"count":0,"href":"https:\/\/willizblog.de\/index.php?rest_route=\/wp\/v2\/posts\/2369\/revisions"}],"wp:attachment":[{"href":"https:\/\/willizblog.de\/index.php?rest_route=%2Fwp%2Fv2%2Fmedia&parent=2369"}],"wp:term":[{"taxonomy":"category","embeddable":true,"href":"https:\/\/willizblog.de\/index.php?rest_route=%2Fwp%2Fv2%2Fcategories&post=2369"},{"taxonomy":"post_tag","embeddable":true,"href":"https:\/\/willizblog.de\/index.php?rest_route=%2Fwp%2Fv2%2Ftags&post=2369"}],"curies":[{"name":"wp","href":"https:\/\/api.w.org\/{rel}","templated":true}]}}