{"id":237,"date":"2005-09-23T00:01:15","date_gmt":"2005-09-22T23:01:15","guid":{"rendered":"http:\/\/www.albinz.de\/blog\/?p=237"},"modified":"2005-10-20T09:09:25","modified_gmt":"2005-10-20T07:09:25","slug":"die-spinnen-die-romer","status":"publish","type":"post","link":"https:\/\/willizblog.de\/?p=237","title":{"rendered":"Die spinnen, die R\u00f6mer &#8230;"},"content":{"rendered":"<p><a href=\"http:\/\/de.asterix.com\/index.html\" target=\"_blank\">Asterix und Obelix<\/a> sind Kult &#8211; seit Jahrzehnten! Und an ein Ende ist noch lange nicht zu denken, im Gegenteil! Bis 2007 steht einiges Neue f\u00fcr den Asterix-Fan ins Haus. Zun\u00e4chst erscheint am 14. Oktober 2005 der neue 33. Band (der franz\u00f6sische Originaltitel lautet: Le monde-minoir d&#8217;Asterix &#8211; etwa: Die Spiegelwelt des Asterix). Dazu gibt es  in Br\u00fcssel eine Asterix-Ausstellung. Am 11. Mai 2006 soll dann der neue Zeichentrickfilm &#8222;Asterix und die Wikinger&#8220; starten. Und 2007 spielt G\u00e9rard Depardieu wieder den Obelix in der n\u00e4chsten Realverfilmung: &#8222;Asterix bei den Olympischen Spielen&#8220;.<\/p>\n<p><img src=\"https:\/\/www.willizblog.de\/albpics\/asterix.jpg\" alt=\"Asterix und seine Getreuen\" \/><\/p>\n","protected":false},"excerpt":{"rendered":"<p>Asterix und Obelix sind Kult &#8211; seit Jahrzehnten! Und an ein Ende ist noch lange nicht zu denken, im Gegenteil! Bis 2007 steht einiges Neue f\u00fcr den Asterix-Fan ins Haus. Zun\u00e4chst erscheint am 14. Oktober 2005 der neue 33. Band (der franz\u00f6sische Originaltitel lautet: Le monde-minoir d&#8217;Asterix &#8211; etwa: Die Spiegelwelt des Asterix). Dazu gibt &hellip; <a href=\"https:\/\/willizblog.de\/?p=237\" class=\"more-link\"><span class=\"screen-reader-text\">Die spinnen, die R\u00f6mer &#8230;<\/span> weiterlesen <span class=\"meta-nav\">&rarr;<\/span><\/a><\/p>\n","protected":false},"author":1,"featured_media":0,"comment_status":"closed","ping_status":"closed","sticky":false,"template":"","format":"standard","meta":[],"categories":[13],"tags":[],"_links":{"self":[{"href":"https:\/\/willizblog.de\/index.php?rest_route=\/wp\/v2\/posts\/237"}],"collection":[{"href":"https:\/\/willizblog.de\/index.php?rest_route=\/wp\/v2\/posts"}],"about":[{"href":"https:\/\/willizblog.de\/index.php?rest_route=\/wp\/v2\/types\/post"}],"author":[{"embeddable":true,"href":"https:\/\/willizblog.de\/index.php?rest_route=\/wp\/v2\/users\/1"}],"replies":[{"embeddable":true,"href":"https:\/\/willizblog.de\/index.php?rest_route=%2Fwp%2Fv2%2Fcomments&post=237"}],"version-history":[{"count":0,"href":"https:\/\/willizblog.de\/index.php?rest_route=\/wp\/v2\/posts\/237\/revisions"}],"wp:attachment":[{"href":"https:\/\/willizblog.de\/index.php?rest_route=%2Fwp%2Fv2%2Fmedia&parent=237"}],"wp:term":[{"taxonomy":"category","embeddable":true,"href":"https:\/\/willizblog.de\/index.php?rest_route=%2Fwp%2Fv2%2Fcategories&post=237"},{"taxonomy":"post_tag","embeddable":true,"href":"https:\/\/willizblog.de\/index.php?rest_route=%2Fwp%2Fv2%2Ftags&post=237"}],"curies":[{"name":"wp","href":"https:\/\/api.w.org\/{rel}","templated":true}]}}