{"id":2384,"date":"2009-11-17T12:29:17","date_gmt":"2009-11-17T11:29:17","guid":{"rendered":"http:\/\/www.willizblog.de\/?p=2384"},"modified":"2009-11-17T12:29:47","modified_gmt":"2009-11-17T11:29:47","slug":"entsteht-eine-neue-apo","status":"publish","type":"post","link":"https:\/\/willizblog.de\/?p=2384","title":{"rendered":"Entsteht eine neue APO?"},"content":{"rendered":"<p>Aus der spontanen Aktion einiger Wiener Kunststudenten entwickelte sich binnen Tagen eine landesweite Protestwelle und \u00fcberrollte die Politiker, die weiterhin ratlos den Problemen gegen\u00fcberstehen: In \u00d6sterreich \u201abrennen\u2019 die Unis!<\/p>\n<p><img src=\"https:\/\/www.willizblog.de\/blogpicts\/uni_brennt.gif\" alt=\"Die Uni brennt!\" \/><\/p>\n<p>Und \u00e4hnlich <a href=\"https:\/\/de.wikipedia.org\/wiki\/68er-Bewegung\" target=\"_blank\">wie 1968<\/a>, als die Studentenbewegung von den USA ausging und sich in Deutschland eine <a href=\"https:\/\/de.wikipedia.org\/wiki\/Au%C3%9Ferparlamentarische_Opposition\" target=\"_blank\">Au\u00dferparlamentarische Opposition (APO)<\/a> formierte, so breitet sich der Uni-Streik inzwischen auch bis zu uns aus.<\/p>\n<p>Der <a href=\"http:\/\/www.heute.de\/ZDFheute\/inhalt\/24\/0,3672,7930808,00.html\" target=\"_blank\">Frust der Studenten<\/a> ist gro\u00df. Die Studenten haben die Nase voll von \u00fcberf\u00fcllten Seminaren und H\u00f6rs\u00e4len, von zu wenig Professoren, von chronisch unterfinanzierten Unis, Frontalunterricht und Leistungsdruck. Und daf\u00fcr zahlen sie mancherorts auch noch Studiengeb\u00fchren.<\/p>\n<p>Und noch ein wesentliches Problem besteht: Es geht um die Umsetzung der so genannten Bologna-Reform &#8211; also die Umstellung auf Bachelor- und Masterabschl\u00fcsse. &#8222;Die Anzahl der Pr\u00fcfungen ist hoch, s\u00e4mtliche Noten gehen in den Abschluss rein. Erst einmal ins Studium reinschnuppern, das Studieren lernen &#8211; das geht nicht mehr.&#8220; Der Studienplan sei hochgradig verschult. Nebenbei noch Geld f\u00fcrs Studium zu verdienen, das sei schwer, wird beklagt.<\/p>\n<p>Selbst der Vorsitzende des <a href=\"http:\/\/www.heute.de\/ZDFheute\/inhalt\/26\/0,3672,7929882,00.html\" target=\"_blank\">Wissenschaftsrats<\/a>, Strohschneider, kritisiert &#8222;handwerkliche Fehler&#8220; bei der Einf\u00fchrung der Bachelor-Studieng\u00e4nge. Die Studienreform sei zu einseitig auf die Verk\u00fcrzung von Studienzeiten ausgerichtet.<\/p>\n<p>Der Widerstand der Studenten gegen Missst\u00e4nde im Bildungswesen soll nach dem Willen der Organisatoren heute einen H\u00f6hepunkt erreichen. Allein in Berlin und K\u00f6ln erwarten sie jeweils 5000 Demonstranten. In Freiburg, Stuttgart und T\u00fcbingen besetzten Studenten in der Nacht H\u00f6rs\u00e4le. Nicht nur Deutschland steht heute im Zeichen des Bildungsstreiks &#8211; in \u00d6sterreich und Frankreich sind ebenfalls Proteste geplant.<\/p>\n<p>Entsteht jetzt eine neue APO? Ich glaube das nicht. Die Bedingungen sind heute andere als vor \u00fcber 40 Jahren. Damals kamen viele weitere Gr\u00fcnde hinzu (Vietnamkrieg, Aufarbeitung des Konfliktes zwischen Kriegs- und Nachkriegsgeneration), die vor allem zur Politisierung der Studenten f\u00fchrte. Heute geht es im Wesentlichen um die Verbesserung der Studienbedingungen. Jetzt ist die Politik gefragt. Sollte diese versagen, dann k\u00f6nnte der heutige Protest der Hochsch\u00fcler allerdings sehr schnell militante Ausma\u00dfe annehmen, die der Studentenbewegung von 1968 \u00e4hnlich kommt. Dann k\u00f6nnte es mehr als ein Slogan sein: <em>Die Uni brennt!<\/em><\/p>\n","protected":false},"excerpt":{"rendered":"<p>Aus der spontanen Aktion einiger Wiener Kunststudenten entwickelte sich binnen Tagen eine landesweite Protestwelle und \u00fcberrollte die Politiker, die weiterhin ratlos den Problemen gegen\u00fcberstehen: In \u00d6sterreich \u201abrennen\u2019 die Unis! Und \u00e4hnlich wie 1968, als die Studentenbewegung von den USA ausging und sich in Deutschland eine Au\u00dferparlamentarische Opposition (APO) formierte, so breitet sich der Uni-Streik inzwischen &hellip; <a href=\"https:\/\/willizblog.de\/?p=2384\" class=\"more-link\"><span class=\"screen-reader-text\">Entsteht eine neue APO?<\/span> weiterlesen <span class=\"meta-nav\">&rarr;<\/span><\/a><\/p>\n","protected":false},"author":1,"featured_media":0,"comment_status":"open","ping_status":"open","sticky":false,"template":"","format":"standard","meta":[],"categories":[12,2],"tags":[],"_links":{"self":[{"href":"https:\/\/willizblog.de\/index.php?rest_route=\/wp\/v2\/posts\/2384"}],"collection":[{"href":"https:\/\/willizblog.de\/index.php?rest_route=\/wp\/v2\/posts"}],"about":[{"href":"https:\/\/willizblog.de\/index.php?rest_route=\/wp\/v2\/types\/post"}],"author":[{"embeddable":true,"href":"https:\/\/willizblog.de\/index.php?rest_route=\/wp\/v2\/users\/1"}],"replies":[{"embeddable":true,"href":"https:\/\/willizblog.de\/index.php?rest_route=%2Fwp%2Fv2%2Fcomments&post=2384"}],"version-history":[{"count":0,"href":"https:\/\/willizblog.de\/index.php?rest_route=\/wp\/v2\/posts\/2384\/revisions"}],"wp:attachment":[{"href":"https:\/\/willizblog.de\/index.php?rest_route=%2Fwp%2Fv2%2Fmedia&parent=2384"}],"wp:term":[{"taxonomy":"category","embeddable":true,"href":"https:\/\/willizblog.de\/index.php?rest_route=%2Fwp%2Fv2%2Fcategories&post=2384"},{"taxonomy":"post_tag","embeddable":true,"href":"https:\/\/willizblog.de\/index.php?rest_route=%2Fwp%2Fv2%2Ftags&post=2384"}],"curies":[{"name":"wp","href":"https:\/\/api.w.org\/{rel}","templated":true}]}}