{"id":2399,"date":"2009-11-23T12:49:02","date_gmt":"2009-11-23T11:49:02","guid":{"rendered":"http:\/\/www.willizblog.de\/?p=2399"},"modified":"2009-11-23T13:02:06","modified_gmt":"2009-11-23T12:02:06","slug":"fiktive-stromtarife","status":"publish","type":"post","link":"https:\/\/willizblog.de\/?p=2399","title":{"rendered":"Fiktive Stromtarife?!"},"content":{"rendered":"<p>Jetzt haben wir es \u201aamtlich\u2019 \u2013 der <a href=\"https:\/\/www.willizblog.de\/?p=2393\" target=\"_blank\">Strompreis bei uns steigt<\/a> ab 1. Januar 2010. Ich habe es nicht nachgerechnet \u2013 aber es sollen rd. 14 % Preissteigerung sein. Damit liegt unser Anbieter <a href=\"https:\/\/www.willizblog.de\/?p=1214\" target=\"_blank\">EWE<\/a> ganz vorn &#8230; was den Anstieg betrifft. Irgendwo m\u00fcssen ja die <a href=\"https:\/\/www.willizblog.de\/?p=1528\" target=\"_blank\">gefallenen Gaspreise<\/a> ausgeglichen werden (die Aktion\u00e4re erwarten satte Renditen). Immerhin soll der Strompreis bis Ende 2010 konstant bleiben \u2013 garantiert (auch bei fallenden Preisen?).<\/p>\n<p><img src=\"https:\/\/www.willizblog.de\/blogpicts\/ewe_ewetel.jpg\" alt=\"EWE &#038; Tochterunternehmen EWETEL\" \/><\/p>\n<p>Die eigentliche Verarschung kommt aber erst mit der \u00c4nderung der Tarife. Der bisherige <em>EWE Strom classic<\/em>, der der gesetzlichen Grundversorgung entspricht, hei\u00dft k\u00fcnftig <em>EWE Strom comfort<\/em>. Daf\u00fcr bietet man jetzt den Kunden (also auch uns) einen Sondervertrag an, der <em>EWE Strom classic<\/em> hei\u00dft. Bei einem Verbrauch von 3500 KWh\/Jahr spart man so rund 21 Euro. Dass man spart, ist in fetten Buchstaben gesetzt. Dass es eine satte Preiserh\u00f6hung gibt (von den 14 % kein Wort), folgt erst nach diesem so wahnsinnig attraktiven Sparangebot.<\/p>\n<p>Noch einmal:<br \/>\n<strong>EWE Strom classic<\/strong> -> EWE Strom comfort<br \/>\nNeuer Tarif -> <strong>EWE Strom classic<\/strong> (irgendwo schon einmal geh\u00f6rt, oder?)<\/p>\n<p>Da alle nat\u00fcrlich den neuen, alten EWE Strom classic-Tarif nehmen werden (wer zahlt schon mehr als es n\u00f6tig ist), ist der alte, neue EWE Strom comfort f\u00fcr mich nichts anderes als ein fiktiver Stromtarif. Der Witz daran: Man erh\u00f6ht diesen Tarif um rd. 14 % und vergleicht ihn dann mit dem neuen Tarif, der nat\u00fcrlich \u201aso viel g\u00fcnstiger\u2019 ist. Das ist wirklich eine \u00e4u\u00dferst witzige Verarscherei.<\/p>\n","protected":false},"excerpt":{"rendered":"<p>Jetzt haben wir es \u201aamtlich\u2019 \u2013 der Strompreis bei uns steigt ab 1. Januar 2010. Ich habe es nicht nachgerechnet \u2013 aber es sollen rd. 14 % Preissteigerung sein. Damit liegt unser Anbieter EWE ganz vorn &#8230; was den Anstieg betrifft. Irgendwo m\u00fcssen ja die gefallenen Gaspreise ausgeglichen werden (die Aktion\u00e4re erwarten satte Renditen). Immerhin &hellip; <a href=\"https:\/\/willizblog.de\/?p=2399\" class=\"more-link\"><span class=\"screen-reader-text\">Fiktive Stromtarife?!<\/span> weiterlesen <span class=\"meta-nav\">&rarr;<\/span><\/a><\/p>\n","protected":false},"author":1,"featured_media":0,"comment_status":"open","ping_status":"open","sticky":false,"template":"","format":"standard","meta":[],"categories":[2],"tags":[],"_links":{"self":[{"href":"https:\/\/willizblog.de\/index.php?rest_route=\/wp\/v2\/posts\/2399"}],"collection":[{"href":"https:\/\/willizblog.de\/index.php?rest_route=\/wp\/v2\/posts"}],"about":[{"href":"https:\/\/willizblog.de\/index.php?rest_route=\/wp\/v2\/types\/post"}],"author":[{"embeddable":true,"href":"https:\/\/willizblog.de\/index.php?rest_route=\/wp\/v2\/users\/1"}],"replies":[{"embeddable":true,"href":"https:\/\/willizblog.de\/index.php?rest_route=%2Fwp%2Fv2%2Fcomments&post=2399"}],"version-history":[{"count":0,"href":"https:\/\/willizblog.de\/index.php?rest_route=\/wp\/v2\/posts\/2399\/revisions"}],"wp:attachment":[{"href":"https:\/\/willizblog.de\/index.php?rest_route=%2Fwp%2Fv2%2Fmedia&parent=2399"}],"wp:term":[{"taxonomy":"category","embeddable":true,"href":"https:\/\/willizblog.de\/index.php?rest_route=%2Fwp%2Fv2%2Fcategories&post=2399"},{"taxonomy":"post_tag","embeddable":true,"href":"https:\/\/willizblog.de\/index.php?rest_route=%2Fwp%2Fv2%2Ftags&post=2399"}],"curies":[{"name":"wp","href":"https:\/\/api.w.org\/{rel}","templated":true}]}}