{"id":2403,"date":"2009-11-24T00:01:23","date_gmt":"2009-11-23T23:01:23","guid":{"rendered":"http:\/\/www.willizblog.de\/?p=2403"},"modified":"2012-01-16T07:52:44","modified_gmt":"2012-01-16T06:52:44","slug":"erich-fromm-haben-oder-sein","status":"publish","type":"post","link":"https:\/\/willizblog.de\/?p=2403","title":{"rendered":"Erich Fromm: Haben oder Sein"},"content":{"rendered":"<p>Im <a href=\"http:\/\/www.kirche-tostedt.de\/gemeindeblatt.html\" target=\"_blank\">Gemeindeblatt<\/a> unserer Evangelisch-lutherischen <a href=\"http:\/\/www.kirche-tostedt.de\/\" target=\"_blank\">Johannesgemeinde in Tostedt<\/a> schrieb Pastor Gerald Meier zum Thema: \u201eGeld und Glaube\u201c einen Beitrag: Haben oder Sein \u2013 Der Mensch zwischen zwei Existenzweisen. Grundlage seiner literarische Erkundung war das Buch <a href=\"https:\/\/www.amazon.de\/gp\/product\/342334234X?ie=UTF8&#038;tag=familiealbin-21&#038;linkCode=as2&#038;camp=1638&#038;creative=6742&#038;creativeASIN=342334234X\" target=\"_blank\">Haben oder Sein: Die seelischen Grundlagen einer neuen Gesellschaft<\/a><img loading=\"lazy\" src=\"https:\/\/www.assoc-amazon.de\/e\/ir?t=familiealbin-21&#038;l=as2&#038;o=3&#038;a=342334234X\" width=\"1\" height=\"1\" border=\"0\" alt=\"\" style=\"border:none !important; margin:0px !important;\" \/> \u2013 Stuttgart \u2013 Deutsche Verlags-Anstalt 1979 (1976) von <a href=\"https:\/\/de.wikipedia.org\/wiki\/Erich_Fromm\" target=\"_blank\">Erich Fromm<\/a>.<\/p>\n<p>Gerald Meier schreibt: <em>Zun\u00e4chst war ich \u00fcberrascht, wie aktuell dieses Buch auch nach \u00fcber 30 Jahren noch ist, denn schon damals waren die globalen Probleme erkannt, die sich nunmehr dramatisch zugespitzt haben: die zunehmende Aufspaltung der V\u00f6lker in arm und Reich, der Klimawandel und der drohende Kampf um sich verringernde Rohstoffe. All diese Probleme sieht Erich Fromm letztlich begr\u00fcndet in der Ausrichtung des modernen Menschen auf die Existenzweise des Habens. Dieser gegen\u00fcber stellt er die Existenzweise des Seins, die er weitestgehend auch in der christlichen Tradition verk\u00fcndet sieht.<\/em><\/p>\n<p><em>Die Existenzweise des Habens ist nach Fromm die vorherrschende Form menschlichen Erlebens geworden. Sie beruht auf der Unsicherheit und Unverf\u00fcgbarkeit allen Lebens und strebt durch die Aneignung materieller Dinge Sicherheit, \u00dcberlegenheit und Macht an, um der Unsicherheit zu entgehen. &#8230;<\/em><\/p>\n<p><em>Ein Leben nach den Prinzipien des Seins verspricht eine ganz andere innere Ausrichtung. Sich richtet sich nicht lebenszerst\u00f6rend am Status des Habens und Besitzens aus, sondern vorrangig an lebendigen Beziehungen. \u201eSein bezieht sich auf Erlebnisse\u201c und will die \u201eSchranken des Getrenntseins\u201c \u00fcberwinden. &#8230; Der Mensch &#8230; kann zum Wohl anderer handeln, wenn er erkannt hat, dass auch sein individuelles Wohlergehen vom Ergehen der Gemeinschaft abh\u00e4ngt.<\/em><\/p>\n<p><img src=\"https:\/\/www.albinz.net\/models\/erich_fromm.jpg\" alt=\"Erich Fromm\" \/><\/p>\n<p>Mit <a href=\"https:\/\/www.willizblog.de\/?p=38\" target=\"_blank\">Erich Fromm<\/a> habe ich mich selbst ausf\u00fchrlicher besch\u00e4ftigt. Sein Buch \u201eHaben oder Sein\u201c las ich vor drei\u00dfig Jahren zum ersten Mal. Erich Fromm bekanntestes Buch ist ohne Zweifel <a href=\"https:\/\/www.amazon.de\/exec\/obidos\/ASIN\/3548366880\/familiealbin-21\" target=\"_blank\">Die Kunst des Liebens<\/a>. Allein die Ver\u00f6ffentlichung dieses kleinen B\u00fcchleins 1956 sorgte nicht nur in der Fachwelt f\u00fcr Aufsehen, sondern erreichte bis heute weltweit eine Auflage von \u00fcber 25 Mio. und war z.B. in Deutschland (in den 80-er Jahren) Monate lang auf der Bestsellerliste.<\/p>\n<p>Sehr aufschlussreich ist auch seine <a href=\"https:\/\/www.amazon.de\/exec\/obidos\/ASIN\/3499170523\/familiealbin-21\" target=\"_blank\">Anatomie der menschlichen Destruktivit\u00e4t<\/a>. In den 70-er Jahren hatte sich Fromm aus psychoanalytische Sicht mit den Managern des Todes (Hitler und Heinrich Himmler) eingehend besch\u00e4ftigt (siehe meinen Beitrag: <a href=\"https:\/\/www.willizblog.de\/?p=812\" target=\"_blank\">Bestie Mensch<\/a>).<\/p>\n<p><a href=\"https:\/\/de.wikipedia.org\/wiki\/Haben_oder_Sein\" target=\"_blank\">Haben und Sein<\/a> ist eine empirische psychologische und soziologische Analyse der Existenzweisen (sowohl individuell als auch gesellschaftlich) des Habens und des Seins und f\u00fchrt Ans\u00e4tze von Fromms fr\u00fcheren Arbeiten fort. Es ist im humanistischen Geist geschrieben und stellenweise \u2013 verfasst ein Jahrzehnt vor Glasnost und Perestroika \u2013 vor dem Hintergrund des Kalten Krieges und insbesondere der Gefahr eines Atomkrieges (Kubakrise etc.) zu verstehen. Ersetzt man die von Fromm verwendeten und f\u00fcr die damalige Zeit aktuellen maschinenfixierten Beispiele durch computerfixierte, so ist das Werk zum gr\u00f6\u00dften Teil noch immer hochaktuell.<\/p>\n<p>Die These dieses wichtigen Buches ist, dass zwei Arten der Existenz um die Seele des Menschen streiten: Der Modus des Habens, der sich auf materiellen Besitz konzentriert, auf Gewinnsucht, Macht, Aggression und der Gier, Neid und Gewalt verursacht; und der Modus des Seins, der sich auf Liebe gr\u00fcndet, auf die Lust zu teilen und sich in wesentlicher, nicht verschwenderischer, sondern sch\u00f6pferischer T\u00e4tigkeit ausdr\u00fcckt. Fromm stellt fest, dass der Habenmodus mit seiner aggressiven, espansionistischen Wachstumsmoral seit dem Mittelalter das \u00dcbergewicht hat und jetzt die Welt an den Abgrund des psychologischen und \u00f6konomischen Ruins bringt. In diesem Buch entwirft er das Programm eines gesellschaftlichen und wirtschaftlichen Wandels, den Gegenkurs zu der Fahrt in die Katastrophe. Seine Hoffnung setzt er darauf, dass viele Z\u00fcge des Seinsmodus fortleben und die Menschen zunehmend der Leere ihres aufs Haben gerichteten Lebens gewahr werden und eine Welt ersehnen, die sie f\u00fcr kaum erreichbar halten, eine Welt der Liebe und Teilnahme.<\/p>\n<p>Eigentlich sollte man dieses Buch jedem angehenden Banker und Industriemanager zur <strong>Pflichtlekt\u00fcre<\/strong> machen. Auch wenn die meisten von diesen nur ein m\u00fcdes L\u00e4cheln zeigen werden, so w\u00e4re es schon als Erfolg zu werten, wenn wenigstens der eine oder andere von ihnen etwas nachdenklicher w\u00fcrde.<\/p>\n","protected":false},"excerpt":{"rendered":"<p>Im Gemeindeblatt unserer Evangelisch-lutherischen Johannesgemeinde in Tostedt schrieb Pastor Gerald Meier zum Thema: \u201eGeld und Glaube\u201c einen Beitrag: Haben oder Sein \u2013 Der Mensch zwischen zwei Existenzweisen. Grundlage seiner literarische Erkundung war das Buch Haben oder Sein: Die seelischen Grundlagen einer neuen Gesellschaft \u2013 Stuttgart \u2013 Deutsche Verlags-Anstalt 1979 (1976) von Erich Fromm. Gerald Meier &hellip; <a href=\"https:\/\/willizblog.de\/?p=2403\" class=\"more-link\"><span class=\"screen-reader-text\">Erich Fromm: Haben oder Sein<\/span> weiterlesen <span class=\"meta-nav\">&rarr;<\/span><\/a><\/p>\n","protected":false},"author":1,"featured_media":0,"comment_status":"open","ping_status":"open","sticky":false,"template":"","format":"standard","meta":[],"categories":[12,14,2],"tags":[],"_links":{"self":[{"href":"https:\/\/willizblog.de\/index.php?rest_route=\/wp\/v2\/posts\/2403"}],"collection":[{"href":"https:\/\/willizblog.de\/index.php?rest_route=\/wp\/v2\/posts"}],"about":[{"href":"https:\/\/willizblog.de\/index.php?rest_route=\/wp\/v2\/types\/post"}],"author":[{"embeddable":true,"href":"https:\/\/willizblog.de\/index.php?rest_route=\/wp\/v2\/users\/1"}],"replies":[{"embeddable":true,"href":"https:\/\/willizblog.de\/index.php?rest_route=%2Fwp%2Fv2%2Fcomments&post=2403"}],"version-history":[{"count":0,"href":"https:\/\/willizblog.de\/index.php?rest_route=\/wp\/v2\/posts\/2403\/revisions"}],"wp:attachment":[{"href":"https:\/\/willizblog.de\/index.php?rest_route=%2Fwp%2Fv2%2Fmedia&parent=2403"}],"wp:term":[{"taxonomy":"category","embeddable":true,"href":"https:\/\/willizblog.de\/index.php?rest_route=%2Fwp%2Fv2%2Fcategories&post=2403"},{"taxonomy":"post_tag","embeddable":true,"href":"https:\/\/willizblog.de\/index.php?rest_route=%2Fwp%2Fv2%2Ftags&post=2403"}],"curies":[{"name":"wp","href":"https:\/\/api.w.org\/{rel}","templated":true}]}}