{"id":2417,"date":"2009-11-28T00:01:46","date_gmt":"2009-11-27T23:01:46","guid":{"rendered":"http:\/\/www.willizblog.de\/?p=2417"},"modified":"2009-11-28T12:44:50","modified_gmt":"2009-11-28T11:44:50","slug":"lebendiger-adventskalender-in-tostedt","status":"publish","type":"post","link":"https:\/\/willizblog.de\/?p=2417","title":{"rendered":"Lebendiger Adventskalender in Tostedt"},"content":{"rendered":"<p>Bald ist es wieder soweit: Tag f\u00fcr Tag d\u00fcrfen wir wieder ein \u201aT\u00fcrchen\u2019 an unserem Adventskalender \u00f6ffnen. Und wer keinen hat, dem bietet sich in Tostedt ein ganz besonderer Adventskalender: Der <a href=\"http:\/\/www.kirche-tostedt.de\/tostedt\/gemeindeblatt.html\" target=\"_blank\">lebendige Adventskalender<\/a> der Ev.-luth. <a href=\"http:\/\/www.kirche-tostedt.de\/\" target=\"_blank\">Johannesgemeinde Tostedt<\/a> 2009.<\/p>\n<table border=\"0\" cellspacing=\"0\" width=\"100%\">\n<tr>\n<td width=\"12%\"><font face=\"Lucida Grande, Lucida Sans Unicode, Verdana, sans-serif\" size=\"2\"><b>Datum<\/b><\/font><\/td>\n<td width=\"23%\"><font face=\"Lucida Grande, Lucida Sans Unicode, Verdana, sans-serif\" size=\"2\"><b>Fenster und Ort<\/b><\/font><\/td>\n<td width=\"65%\"><font face=\"Lucida Grande, Lucida Sans Unicode, Verdana, sans-serif\" size=\"2\"><b>Teilnehmer<\/b><\/font><\/td>\n<\/tr>\n<tr>\n<td width=\"12%\"><font face=\"Lucida Grande, Lucida Sans Unicode, Verdana, sans-serif\" size=\"2\">Di 1.12.<\/font><\/td>\n<td width=\"23%\"><font face=\"Lucida Grande, Lucida Sans Unicode, Verdana, sans-serif\" size=\"2\">Todtgl\u00fcsingen<\/font><\/td>\n<td width=\"65%\"><font face=\"Lucida Grande, Lucida Sans Unicode, Verdana, sans-serif\" size=\"2\">Grundschule Todtgl\u00fcsingen, Schulstra\u00dfe Frau Ohrmann<\/font><\/td>\n<\/tr>\n<tr>\n<td width=\"12%\"><font face=\"Lucida Grande, Lucida Sans Unicode, Verdana, sans-serif\" size=\"2\">Mi. 2.12.<\/font><\/td>\n<td width=\"23%\"><font face=\"Lucida Grande, Lucida Sans Unicode, Verdana, sans-serif\" size=\"2\">Tostedt<\/font><\/td>\n<td width=\"65%\"><font face=\"Lucida Grande, Lucida Sans Unicode, Verdana, sans-serif\" size=\"2\">Am Jugendzentrum, Frau Brandt<\/font><\/td>\n<\/tr>\n<tr>\n<td width=\"12%\"><font face=\"Lucida Grande, Lucida Sans Unicode, Verdana, sans-serif\" size=\"2\">Do. 3.12.<\/font><\/td>\n<td width=\"23%\"><font face=\"Lucida Grande, Lucida Sans Unicode, Verdana, sans-serif\" size=\"2\">Tostedt<\/font><\/td>\n<td width=\"65%\"><font face=\"Lucida Grande, Lucida Sans Unicode, Verdana, sans-serif\" size=\"2\">Buchhandlung Matthies, Himmelsweg<\/font><\/td>\n<\/tr>\n<tr>\n<td width=\"12%\"><font face=\"Lucida Grande, Lucida Sans Unicode, Verdana, sans-serif\" size=\"2\">Fr. 4.12.<\/font><\/td>\n<td width=\"23%\"><font face=\"Lucida Grande, Lucida Sans Unicode, Verdana, sans-serif\" size=\"2\">Otter<\/font><\/td>\n<td width=\"65%\"><font face=\"Lucida Grande, Lucida Sans Unicode, Verdana, sans-serif\" size=\"2\">Ilse Warnecke, Hauptstr. 15<\/font><\/td>\n<\/tr>\n<tr>\n<td width=\"12%\"><font face=\"Lucida Grande, Lucida Sans Unicode, Verdana, sans-serif\" size=\"2\">Sa. 5.12.<\/font><\/td>\n<td width=\"23%\"><font face=\"Lucida Grande, Lucida Sans Unicode, Verdana, sans-serif\" size=\"2\">&nbsp;<\/font><\/td>\n<td width=\"65%\"><font face=\"Lucida Grande, Lucida Sans Unicode, Verdana, sans-serif\" size=\"2\">&nbsp;<\/font><\/td>\n<\/tr>\n<tr>\n<td width=\"12%\"><font face=\"Lucida Grande, Lucida Sans Unicode, Verdana, sans-serif\" size=\"2\">So 6.12.<\/font><\/td>\n<td width=\"23%\"><font face=\"Lucida Grande, Lucida Sans Unicode, Verdana, sans-serif\" size=\"2\">\tLangeloh<\/font><\/td>\n<td width=\"65%\"><font face=\"Lucida Grande, Lucida Sans Unicode, Verdana, sans-serif\" size=\"2\">L\u00fctenshof, Karin Plate<\/font><\/td>\n<\/tr>\n<tr>\n<td width=\"12%\"><font face=\"Lucida Grande, Lucida Sans Unicode, Verdana, sans-serif\" size=\"2\">Mo 7.12.<\/font><\/td>\n<td width=\"23%\"><font face=\"Lucida Grande, Lucida Sans Unicode, Verdana, sans-serif\" size=\"2\">Tostedt<\/font><\/td>\n<td width=\"65%\"><font face=\"Lucida Grande, Lucida Sans Unicode, Verdana, sans-serif\" size=\"2\">Ev. Kindergarten Im Stocken, Frau Scherl<\/font><\/td>\n<\/tr>\n<tr>\n<td width=\"12%\"><font face=\"Lucida Grande, Lucida Sans Unicode, Verdana, sans-serif\" size=\"2\">Di 8.12.<\/font><\/td>\n<td width=\"23%\"><font face=\"Lucida Grande, Lucida Sans Unicode, Verdana, sans-serif\" size=\"2\">Dohren<\/font><\/td>\n<td width=\"65%\"><font face=\"Lucida Grande, Lucida Sans Unicode, Verdana, sans-serif\" size=\"2\">Hof Wentzien, Hollenstedter Str. 2<\/font><\/td>\n<\/tr>\n<tr>\n<td width=\"12%\"><font face=\"Lucida Grande, Lucida Sans Unicode, Verdana, sans-serif\" size=\"2\">Mi 9.12.<\/font><\/td>\n<td width=\"23%\"><font face=\"Lucida Grande, Lucida Sans Unicode, Verdana, sans-serif\" size=\"2\">Tostedt<\/font><\/td>\n<td width=\"65%\"><font face=\"Lucida Grande, Lucida Sans Unicode, Verdana, sans-serif\" size=\"2\">Herbergsverein, Bremer Str. 37<\/font><\/td>\n<\/tr>\n<tr>\n<td width=\"12%\"><font face=\"Lucida Grande, Lucida Sans Unicode, Verdana, sans-serif\" size=\"2\">Do 10.12.<\/font><\/td>\n<td width=\"23%\"><font face=\"Lucida Grande, Lucida Sans Unicode, Verdana, sans-serif\" size=\"2\">Tostedt<\/font><\/td>\n<td width=\"65%\"><font face=\"Lucida Grande, Lucida Sans Unicode, Verdana, sans-serif\" size=\"2\">Heimatverein, Himmelsweg, Plattdeutsch<\/font><\/td>\n<\/tr>\n<tr>\n<td width=\"12%\"><font face=\"Lucida Grande, Lucida Sans Unicode, Verdana, sans-serif\" size=\"2\">Fr 11.12.<\/font><\/td>\n<td width=\"23%\"><font face=\"Lucida Grande, Lucida Sans Unicode, Verdana, sans-serif\" size=\"2\">Otter<\/font><\/td>\n<td width=\"65%\"><font face=\"Lucida Grande, Lucida Sans Unicode, Verdana, sans-serif\" size=\"2\">Hauskreis, Frau Sievert, Tostedter Str. 35<\/font><\/td>\n<\/tr>\n<tr>\n<td width=\"12%\"><font face=\"Lucida Grande, Lucida Sans Unicode, Verdana, sans-serif\" size=\"2\">Sa 12.12.<\/font><\/td>\n<td width=\"23%\"><font face=\"Lucida Grande, Lucida Sans Unicode, Verdana, sans-serif\" size=\"2\">\tTodtgl\u00fcsingen<\/font><\/td>\n<td width=\"65%\"><font face=\"Lucida Grande, Lucida Sans Unicode, Verdana, sans-serif\" size=\"2\">Karin und Drews Fehrs, R\u00fcbworth 18<\/font><\/td>\n<\/tr>\n<tr>\n<td width=\"12%\"><font face=\"Lucida Grande, Lucida Sans Unicode, Verdana, sans-serif\" size=\"2\">So 13.12.<\/font><\/td>\n<td width=\"23%\"><font face=\"Lucida Grande, Lucida Sans Unicode, Verdana, sans-serif\" size=\"2\">Dohren<\/font><\/td>\n<td width=\"65%\"><font face=\"Lucida Grande, Lucida Sans Unicode, Verdana, sans-serif\" size=\"2\">Karin Westermann, W\u00fcstenh\u00f6fener Str. 12<\/font><\/td>\n<\/tr>\n<tr>\n<td width=\"12%\"><font face=\"Lucida Grande, Lucida Sans Unicode, Verdana, sans-serif\" size=\"2\">Mo 14.12.<\/font><\/td>\n<td width=\"23%\"><font face=\"Lucida Grande, Lucida Sans Unicode, Verdana, sans-serif\" size=\"2\">Tostedt<\/font><\/td>\n<td width=\"65%\"><font face=\"Lucida Grande, Lucida Sans Unicode, Verdana, sans-serif\" size=\"2\">Freie Ev. Gemeinde, Freudenthalstr. 21A<\/font><\/td>\n<\/tr>\n<tr>\n<td width=\"12%\"><font face=\"Lucida Grande, Lucida Sans Unicode, Verdana, sans-serif\" size=\"2\">Di 15.12.<\/font><\/td>\n<td width=\"23%\"><font face=\"Lucida Grande, Lucida Sans Unicode, Verdana, sans-serif\" size=\"2\">Dohren<\/font><\/td>\n<td width=\"65%\"><font face=\"Lucida Grande, Lucida Sans Unicode, Verdana, sans-serif\" size=\"2\">Antje Hassenpflug, Up\u2019n Saal 7<\/font><\/td>\n<\/tr>\n<tr>\n<td width=\"12%\"><font face=\"Lucida Grande, Lucida Sans Unicode, Verdana, sans-serif\" size=\"2\">Mi 16.12.<\/font><\/td>\n<td width=\"23%\"><font face=\"Lucida Grande, Lucida Sans Unicode, Verdana, sans-serif\" size=\"2\">Tostedt<\/font><\/td>\n<td width=\"65%\"><font face=\"Lucida Grande, Lucida Sans Unicode, Verdana, sans-serif\" size=\"2\">Birgit Martens, Alte Kleinbahn 23<\/font><\/td>\n<\/tr>\n<tr>\n<td width=\"12%\"><font face=\"Lucida Grande, Lucida Sans Unicode, Verdana, sans-serif\" size=\"2\">Do 17.12.<\/font><\/td>\n<td width=\"23%\"><font face=\"Lucida Grande, Lucida Sans Unicode, Verdana, sans-serif\" size=\"2\">Tostedt<\/font><\/td>\n<td width=\"65%\"><font face=\"Lucida Grande, Lucida Sans Unicode, Verdana, sans-serif\" size=\"2\">Caf\u00e9 \u201ekiek in\u201c in der Lebenshilfe L\u00fcneburg-Harburg, Zinnh\u00fctte 16-22<\/font><\/td>\n<\/tr>\n<tr>\n<td width=\"12%\"><font face=\"Lucida Grande, Lucida Sans Unicode, Verdana, sans-serif\" size=\"2\">Fr 18.12.<\/font><\/td>\n<td width=\"23%\"><font face=\"Lucida Grande, Lucida Sans Unicode, Verdana, sans-serif\" size=\"2\">Wistedt<\/font><\/td>\n<td width=\"65%\"><font face=\"Lucida Grande, Lucida Sans Unicode, Verdana, sans-serif\" size=\"2\">Gisela Fehling\/Hanna Baier, Sittenser Str. 13<\/font><\/td>\n<\/tr>\n<tr>\n<td width=\"12%\"><font face=\"Lucida Grande, Lucida Sans Unicode, Verdana, sans-serif\" size=\"2\">Sa 19.12.<\/font><\/td>\n<td width=\"23%\"><font face=\"Lucida Grande, Lucida Sans Unicode, Verdana, sans-serif\" size=\"2\">Dohren<\/font><\/td>\n<td width=\"65%\"><font face=\"Lucida Grande, Lucida Sans Unicode, Verdana, sans-serif\" size=\"2\">Annegret und J\u00fcrgen Dallmann, Am M\u00fchlenbach 3A<\/font><\/td>\n<\/tr>\n<tr>\n<td width=\"12%\"><font face=\"Lucida Grande, Lucida Sans Unicode, Verdana, sans-serif\" size=\"2\">So 20.12.<\/font><\/td>\n<td width=\"23%\"><font face=\"Lucida Grande, Lucida Sans Unicode, Verdana, sans-serif\" size=\"2\">\tTodtgl\u00fcsingen<\/font><\/td>\n<td width=\"65%\"><font face=\"Lucida Grande, Lucida Sans Unicode, Verdana, sans-serif\" size=\"2\">Renate und Anna Callhoff, Lohberger Str. 5<\/font><\/td>\n<\/tr>\n<tr>\n<td width=\"12%\"><font face=\"Lucida Grande, Lucida Sans Unicode, Verdana, sans-serif\" size=\"2\">Mo 21.12.<\/font><\/td>\n<td width=\"23%\"><font face=\"Lucida Grande, Lucida Sans Unicode, Verdana, sans-serif\" size=\"2\">Tostedt<\/font><\/td>\n<td width=\"65%\"><font face=\"Lucida Grande, Lucida Sans Unicode, Verdana, sans-serif\" size=\"2\">Feuerwehrger\u00e4tehaus Tostedter Str., Frau Annegret Speer<\/font><\/td>\n<\/tr>\n<tr>\n<td width=\"12%\"><font face=\"Lucida Grande, Lucida Sans Unicode, Verdana, sans-serif\" size=\"2\">Di 22.12.<\/font><\/td>\n<td width=\"23%\"><font face=\"Lucida Grande, Lucida Sans Unicode, Verdana, sans-serif\" size=\"2\">Tostedt<\/font><\/td>\n<td width=\"65%\"><font face=\"Lucida Grande, Lucida Sans Unicode, Verdana, sans-serif\" size=\"2\">Ev. Kindergarten Im Stocken, Frau Scherl<\/font><\/td>\n<\/tr>\n<tr>\n<td width=\"12%\"><font face=\"Lucida Grande, Lucida Sans Unicode, Verdana, sans-serif\" size=\"2\">Mi 23.12.<\/font><\/td>\n<td width=\"23%\"><font face=\"Lucida Grande, Lucida Sans Unicode, Verdana, sans-serif\" size=\"2\">Tostedt<\/font><\/td>\n<td width=\"65%\"><font face=\"Lucida Grande, Lucida Sans Unicode, Verdana, sans-serif\" size=\"2\">Wilfried &amp; B\u00e4rbel Kruse, Kirchhofstr. 6A<\/font><\/td>\n<\/tr>\n<\/table>\n<p>Treffen ist jeweils um 18 Uhr drau\u00dfen vor dem jeweiligen Fenster f\u00fcr ca. \u00bd Stunde. Jeder ist willkommen. Bitte witterungsbedingt anziehen! Und den Trinkbecher nicht vergessen. Weitere Informationen bei Karin Plate, 04182-1243 oder <a href=\"mailto:info@luetenshof.de\" target=\"_blank\">info@luetenshof.de<\/a><\/p>\n","protected":false},"excerpt":{"rendered":"<p>Bald ist es wieder soweit: Tag f\u00fcr Tag d\u00fcrfen wir wieder ein \u201aT\u00fcrchen\u2019 an unserem Adventskalender \u00f6ffnen. Und wer keinen hat, dem bietet sich in Tostedt ein ganz besonderer Adventskalender: Der lebendige Adventskalender der Ev.-luth. Johannesgemeinde Tostedt 2009. Datum Fenster und Ort Teilnehmer Di 1.12. Todtgl\u00fcsingen Grundschule Todtgl\u00fcsingen, Schulstra\u00dfe Frau Ohrmann Mi. 2.12. Tostedt Am &hellip; <a href=\"https:\/\/willizblog.de\/?p=2417\" class=\"more-link\"><span class=\"screen-reader-text\">Lebendiger Adventskalender in Tostedt<\/span> weiterlesen <span class=\"meta-nav\">&rarr;<\/span><\/a><\/p>\n","protected":false},"author":1,"featured_media":0,"comment_status":"open","ping_status":"open","sticky":false,"template":"","format":"standard","meta":[],"categories":[11,33],"tags":[],"_links":{"self":[{"href":"https:\/\/willizblog.de\/index.php?rest_route=\/wp\/v2\/posts\/2417"}],"collection":[{"href":"https:\/\/willizblog.de\/index.php?rest_route=\/wp\/v2\/posts"}],"about":[{"href":"https:\/\/willizblog.de\/index.php?rest_route=\/wp\/v2\/types\/post"}],"author":[{"embeddable":true,"href":"https:\/\/willizblog.de\/index.php?rest_route=\/wp\/v2\/users\/1"}],"replies":[{"embeddable":true,"href":"https:\/\/willizblog.de\/index.php?rest_route=%2Fwp%2Fv2%2Fcomments&post=2417"}],"version-history":[{"count":0,"href":"https:\/\/willizblog.de\/index.php?rest_route=\/wp\/v2\/posts\/2417\/revisions"}],"wp:attachment":[{"href":"https:\/\/willizblog.de\/index.php?rest_route=%2Fwp%2Fv2%2Fmedia&parent=2417"}],"wp:term":[{"taxonomy":"category","embeddable":true,"href":"https:\/\/willizblog.de\/index.php?rest_route=%2Fwp%2Fv2%2Fcategories&post=2417"},{"taxonomy":"post_tag","embeddable":true,"href":"https:\/\/willizblog.de\/index.php?rest_route=%2Fwp%2Fv2%2Ftags&post=2417"}],"curies":[{"name":"wp","href":"https:\/\/api.w.org\/{rel}","templated":true}]}}