{"id":2439,"date":"2009-12-04T00:01:56","date_gmt":"2009-12-03T23:01:56","guid":{"rendered":"http:\/\/www.willizblog.de\/?p=2439"},"modified":"2009-12-02T14:00:26","modified_gmt":"2009-12-02T13:00:26","slug":"weihnachten-von-a-bis-z-f-wie-festlichkeit","status":"publish","type":"post","link":"https:\/\/willizblog.de\/?p=2439","title":{"rendered":"Weihnachten von A bis Z: F wie Festlichkeit"},"content":{"rendered":"<p>Der Einfluss vorchristlicher, also heidnischer Br\u00e4uche ist auch heute unverkennbar. <em>Februatio<\/em> ist der lateinische Name f\u00fcr ein heidnisches Fest, das am 2. Februar gefeiert alle Vergehen s\u00fchnen und die Einfl\u00fcsse b\u00f6ser D\u00e4monen vertreiben sollte. Im 5. Jahrhundert f\u00fchrte Papst Sergius I. (Gelatius) dieses Fest als \u201eMaria Reinigung\u201c ein. Der 2. Februar ist nebenbei nicht nur <a href=\"https:\/\/www.willizblog.de\/?p=751\" target=\"_blank\">Murmeltiertag<\/a>, sondern gilt vielen auch als Ende der Weihnachtszeit.<\/p>\n<p><img src=\"https:\/\/www.willizblog.de\/blogpicts\/weihnachten_von_a_bis_z.jpg\" alt=\"Weihnachten von A bis Z\" \/><\/p>\n<p>Nationalsozialismus und DDR-Sozialismus versuchten die christlichen Wurzeln des Weihnachtsfestes zu verdr\u00e4ngen, was ihnen aber nicht gelang. So bezeichnete man in der DDR das Weihnachtsfest gern als <em>\u201eFest des Tannenbaums\u201c<\/em>. Etwas einfallslos.<\/p>\n<p>Da es hier nicht nur um Weihnachten geht, sondern auch die Tage davor und danach (also auch Silvester und Neujahr) einbezogen sind, hier zun\u00e4chst ein alter Brauch aus England: Dort beeilt man sich, nach 24 Uhr in der Silvesternacht m\u00f6glichst als <em>\u201eFirst Footer\u201c<\/em> bei guten Freunden oder Verwandten aufzutauchen und ein St\u00fcckchen Kohle als Gl\u00fccksbringer zu \u00fcberreichen. In vielen norddeutschen und skandinavischen Gegenden isst man zu Silvester und Neujahr <em>Fischsuppe<\/em>, weil dies Gl\u00fcck und Gesundheit im neuen Jahr bringen soll.<\/p>\n<p>Und da wir gerade im Norden sind: Der <em>F\u00f6hrer P\u00f6belkuchen<\/em> ist ein traditioneller Weihnachtskuchen der nordfriesischen Insel F\u00f6hr, der aus R\u00fcbensirup, Gew\u00fcrzen, Mehl und Schmalz besteht.<\/p>\n","protected":false},"excerpt":{"rendered":"<p>Der Einfluss vorchristlicher, also heidnischer Br\u00e4uche ist auch heute unverkennbar. Februatio ist der lateinische Name f\u00fcr ein heidnisches Fest, das am 2. Februar gefeiert alle Vergehen s\u00fchnen und die Einfl\u00fcsse b\u00f6ser D\u00e4monen vertreiben sollte. Im 5. Jahrhundert f\u00fchrte Papst Sergius I. (Gelatius) dieses Fest als \u201eMaria Reinigung\u201c ein. Der 2. Februar ist nebenbei nicht nur &hellip; <a href=\"https:\/\/willizblog.de\/?p=2439\" class=\"more-link\"><span class=\"screen-reader-text\">Weihnachten von A bis Z: F wie Festlichkeit<\/span> weiterlesen <span class=\"meta-nav\">&rarr;<\/span><\/a><\/p>\n","protected":false},"author":1,"featured_media":0,"comment_status":"open","ping_status":"open","sticky":false,"template":"","format":"standard","meta":[],"categories":[33],"tags":[],"_links":{"self":[{"href":"https:\/\/willizblog.de\/index.php?rest_route=\/wp\/v2\/posts\/2439"}],"collection":[{"href":"https:\/\/willizblog.de\/index.php?rest_route=\/wp\/v2\/posts"}],"about":[{"href":"https:\/\/willizblog.de\/index.php?rest_route=\/wp\/v2\/types\/post"}],"author":[{"embeddable":true,"href":"https:\/\/willizblog.de\/index.php?rest_route=\/wp\/v2\/users\/1"}],"replies":[{"embeddable":true,"href":"https:\/\/willizblog.de\/index.php?rest_route=%2Fwp%2Fv2%2Fcomments&post=2439"}],"version-history":[{"count":0,"href":"https:\/\/willizblog.de\/index.php?rest_route=\/wp\/v2\/posts\/2439\/revisions"}],"wp:attachment":[{"href":"https:\/\/willizblog.de\/index.php?rest_route=%2Fwp%2Fv2%2Fmedia&parent=2439"}],"wp:term":[{"taxonomy":"category","embeddable":true,"href":"https:\/\/willizblog.de\/index.php?rest_route=%2Fwp%2Fv2%2Fcategories&post=2439"},{"taxonomy":"post_tag","embeddable":true,"href":"https:\/\/willizblog.de\/index.php?rest_route=%2Fwp%2Fv2%2Ftags&post=2439"}],"curies":[{"name":"wp","href":"https:\/\/api.w.org\/{rel}","templated":true}]}}