{"id":2455,"date":"2009-12-08T00:01:04","date_gmt":"2009-12-07T23:01:04","guid":{"rendered":"http:\/\/www.willizblog.de\/?p=2455"},"modified":"2009-12-05T17:06:22","modified_gmt":"2009-12-05T16:06:22","slug":"weihnachten-von-a-bis-z-j-wie-jahresendflugelfigur","status":"publish","type":"post","link":"https:\/\/willizblog.de\/?p=2455","title":{"rendered":"Weihnachten von A bis Z: J wie Jahresendfl\u00fcgelfigur"},"content":{"rendered":"<p>Der Sozialismus der DDR triebt seltsame Bl\u00fcten. Im Bem\u00fchen, die christlichen Wurzeln des Weihnachtsfestes zu verdr\u00e4ngen &#8211; das Weihnachtsfest selbst lie\u00df sich nicht \u201aaustreiben\u2019 -, gab es einige anscheinend sehr offizielle Definitionen uns wohlvertrauter Begriffe: So wurde der Weihnachtsengel zur <em>Jahresendfl\u00fcgelfigur<\/em>, der Adventskalender zum <em>Jahresschlusskalender<\/em> (f\u00fcr sogar 31 Tagen).<\/p>\n<p>Ein halbes Jahrhundert vor Christi Geburt f\u00fchrte Julius C\u00e4sar die 31 Tage f\u00fcr den ersten Monat des Jahres ein: <em>Januar<\/em>. Der Name geht zur\u00fcck auf Janus, dem r\u00f6mischen Gott des Ein- und Ausganges. Durch seine beiden Gesichter (Januskopf) konnte er gleichzeitig in die Vergangenheit und in die Zukunft schauen. Hartung, Hornung, Schneemonat oder Eismond sind alte Bezeichnungen f\u00fcr Januar, die noch in \u00fcberlieferten Bauernspr\u00fcchen erhalten sind.<\/p>\n<p>Im Weihnachtslexikon von <a href=\"https:\/\/de.wikipedia.org\/wiki\/Theo_Herrlein\" target=\"_blank\">Theo Herrlein<\/a> finden sich unter dem Buchstaben J nat\u00fcrlich viele Schlagworte, die <em>Jesus<\/em> im Namen f\u00fchren. Aber es gibt auch Begriffe, die heidnischen Ursprungs sind: Island ist bekanntlich das Land der Elfen und Kobolde. Dementsprechend ist auch der Advent durch den <em>J\u00f3lesveinn<\/em> (12. bis 24. Dezember) gepr\u00e4gt. J\u00f3lesveinar (plural) hei\u00dft \u00fcbersetzt so viel wie \u201eWeihnachtskerle\u201c. Dabei handelt es sich um die 13 S\u00f6hne von Gr\u00fdla und Leppal\u00fa\u00f0l, einem Riesen-Ehepaar aus dem 13. Jahrhundert. Da ihr Mann bettl\u00e4gerig war, musste Gr\u00fdla sich um die Nahrungsbeschaffung k\u00fcmmern, was unter anderem auch dadurch geschah, dass sie unartige Kinder einfing. Inzwischen sind die Kobolde milde und harmlos geworden und stecken den braven Kindern S\u00fc\u00dfigkeiten in die Schuhe auf dem Fenstersims.<\/p>\n<p><img src=\"https:\/\/www.willizblog.de\/blogpicts\/weihnachten_von_a_bis_z.jpg\" alt=\"Weihnachten von A bis Z\" \/><\/p>\n<p><em>J\u00f6\u00f6lboom<\/em> ist die mundartliche Bezeichnung f\u00fcr den Weihnachtsbaum auf der nordfriesischen Insel Sylt. <em>J\u00fclbuum<\/em> ist nach alter friesischer Tradition ein schlichtes Holzgestell, welches mit immergr\u00fcnen Zweigen, Obst und allerlei symboltr\u00e4chtigen Figuren, meistens aus gebackenem Mehlteig, beh\u00e4ngt wird. Der Begriff des <em>Jul-Baumes<\/em> war der nationalsozialistische Versuch, den Christbaum umzubenennen. Das <a href=\"https:\/\/de.wikipedia.org\/wiki\/Julfest\" target=\"_blank\"><em>Julfest<\/em><\/a> ist ein nordeurop\u00e4isches Fest der Wintersonnenwende. In den skandinavischen Sprachen hei\u00dft Weihnachten heute <em>Jul<\/em>, im Englischen besteht der Begriff Yule und im Nordfriesischen hei\u00dft es <em>J\u00fcl<\/em>. <em>Julmonat<\/em> war so auch ein alter deutscher Name (15. \u2013 18. Jahrhundert) f\u00fcr den Monat Dezember.<\/p>\n<p>Und da wir gerade im hohen Norden sind: <em>Joulupukki<\/em> ist der finnische Name des Weihnachtsmannes.<\/p>\n","protected":false},"excerpt":{"rendered":"<p>Der Sozialismus der DDR triebt seltsame Bl\u00fcten. Im Bem\u00fchen, die christlichen Wurzeln des Weihnachtsfestes zu verdr\u00e4ngen &#8211; das Weihnachtsfest selbst lie\u00df sich nicht \u201aaustreiben\u2019 -, gab es einige anscheinend sehr offizielle Definitionen uns wohlvertrauter Begriffe: So wurde der Weihnachtsengel zur Jahresendfl\u00fcgelfigur, der Adventskalender zum Jahresschlusskalender (f\u00fcr sogar 31 Tagen). Ein halbes Jahrhundert vor Christi Geburt &hellip; <a href=\"https:\/\/willizblog.de\/?p=2455\" class=\"more-link\"><span class=\"screen-reader-text\">Weihnachten von A bis Z: J wie Jahresendfl\u00fcgelfigur<\/span> weiterlesen <span class=\"meta-nav\">&rarr;<\/span><\/a><\/p>\n","protected":false},"author":1,"featured_media":0,"comment_status":"open","ping_status":"open","sticky":false,"template":"","format":"standard","meta":[],"categories":[33],"tags":[],"_links":{"self":[{"href":"https:\/\/willizblog.de\/index.php?rest_route=\/wp\/v2\/posts\/2455"}],"collection":[{"href":"https:\/\/willizblog.de\/index.php?rest_route=\/wp\/v2\/posts"}],"about":[{"href":"https:\/\/willizblog.de\/index.php?rest_route=\/wp\/v2\/types\/post"}],"author":[{"embeddable":true,"href":"https:\/\/willizblog.de\/index.php?rest_route=\/wp\/v2\/users\/1"}],"replies":[{"embeddable":true,"href":"https:\/\/willizblog.de\/index.php?rest_route=%2Fwp%2Fv2%2Fcomments&post=2455"}],"version-history":[{"count":0,"href":"https:\/\/willizblog.de\/index.php?rest_route=\/wp\/v2\/posts\/2455\/revisions"}],"wp:attachment":[{"href":"https:\/\/willizblog.de\/index.php?rest_route=%2Fwp%2Fv2%2Fmedia&parent=2455"}],"wp:term":[{"taxonomy":"category","embeddable":true,"href":"https:\/\/willizblog.de\/index.php?rest_route=%2Fwp%2Fv2%2Fcategories&post=2455"},{"taxonomy":"post_tag","embeddable":true,"href":"https:\/\/willizblog.de\/index.php?rest_route=%2Fwp%2Fv2%2Ftags&post=2455"}],"curies":[{"name":"wp","href":"https:\/\/api.w.org\/{rel}","templated":true}]}}