{"id":248,"date":"2005-09-23T09:53:26","date_gmt":"2005-09-23T08:53:26","guid":{"rendered":"http:\/\/www.albinz.de\/blog\/?p=248"},"modified":"2005-10-20T09:09:11","modified_gmt":"2005-10-20T07:09:11","slug":"frau-merkel-tanzt-den-reggae","status":"publish","type":"post","link":"https:\/\/willizblog.de\/?p=248","title":{"rendered":"Frau Merkel tanzt den Reggae"},"content":{"rendered":"<p>Der Eiertanz um die Regierungsbildung geht weiter &#8230; Hier ein erstes Fazit:<\/p>\n<p>Politisch tot w\u00e4re die FDP, w\u00fcrde sich sich auf eine Ampel-Koalition einlassen. Denn wer mit so vielen Leihstimmen der CDU einhergeht, kann sich nicht pl\u00f6tzlich mit dem politischen Gegner einlassen. Das wei\u00df Herr Westerwelle. Und daher wird es auch nicht zu einem rot-gelb-gr\u00fcnen B\u00fcndnis kommen.<\/p>\n<p>Bleiben also nur noch gro\u00dfe Koalition und Schwampel- oder (wie es neuerdings hei\u00dft:) Jamaika-Koalition. Gestern lie\u00dfen CDU\/CSU durch Herrn Westerwelle erkennen, dass dieses B\u00fcndnis nicht g\u00e4nzlich ausgeschlossen wird (Westerwelle redete von den Gegens\u00e4tzen zur Union, bei denen mit den Gr\u00fcnen eher Einigkeit besteht: B\u00fcrgerrechte usw.; so k\u00f6nnte die FDP als eine Art Scharnier zwischen Union und Gr\u00fcnen dienen).<\/p>\n<p>Heute treffen sich CDU\/CSU und Gr\u00fcne zu einem Sondierungsgespr\u00e4ch.  &#8222;Wir haben nicht gegen Schwarz-Gelb gek\u00e4mpft, um jetzt alles zu vergessen&#8220;, sagte Claudia Roth dem &#8222;M\u00fcnchner Merkur&#8220;. Reinhard B\u00fctikofer warnte in der &#8222;Welt&#8220;, wenn die Gr\u00fcnen sich zum &#8222;Hilfsmotor&#8220; von Union und FDP degradieren lie\u00dfen, w\u00e4ren sie &#8222;politisch tot&#8220;.<\/p>\n<p>Aber die Gr\u00fcnen h\u00e4tten evtl. hier auch eine Chance, gr\u00fcne Politik \u00fcber die Zeit zu retten. Der Ausstieg aus der Atomenergie w\u00e4re der Pr\u00fcfstein f\u00fcr m\u00f6glichen Verhandlungen. Wenn Union (und auch FDP) es bei dem sukzessiven Ausstieg belie\u00dfen und daf\u00fcr alternative Energien f\u00f6rderten, dann k\u00f6nnten die Gr\u00fcnen mit auf die Reise nach Jamaika gehen. Sollten Merkel, Stoiber und Co. aber auf eine erneut verst\u00e4rkte Nutzung der Atomenergie bestehen, dann ist f\u00fcr die Gr\u00fcnen wahrlich kein Platz in dem Boot.<\/p>\n<p>Bliebe nur noch eine schwarz-rote, also gro\u00dfe Koalition. Dann m\u00fcssten sich Herr Schr\u00f6der und Frau Merkel in ihren Anspr\u00fcchen auf die Kanzlerschaft einig werden: Vielleicht w\u00e4re ein Splitting m\u00f6glich (erst Frau Merkel ein Jahr, dann Herr Schr\u00f6der &#8230;). Oder sowohl Schr\u00f6der als auch Merkel w\u00fcrden in die W\u00fcste geschickt.<\/p>\n<p>Wenn nicht bis Ende September ersichtlich wird, in welche Richtung die Reise geht, dann sollte man sich tats\u00e4chlich \u00fcber Neuwahlen Gedanken machen. Ich bin gespannt (und nicht nur ich) , wie der Eiertanz weitergeht &#8230;<\/p>\n","protected":false},"excerpt":{"rendered":"<p>Der Eiertanz um die Regierungsbildung geht weiter &#8230; Hier ein erstes Fazit: Politisch tot w\u00e4re die FDP, w\u00fcrde sich sich auf eine Ampel-Koalition einlassen. Denn wer mit so vielen Leihstimmen der CDU einhergeht, kann sich nicht pl\u00f6tzlich mit dem politischen Gegner einlassen. Das wei\u00df Herr Westerwelle. Und daher wird es auch nicht zu einem rot-gelb-gr\u00fcnen &hellip; <a href=\"https:\/\/willizblog.de\/?p=248\" class=\"more-link\"><span class=\"screen-reader-text\">Frau Merkel tanzt den Reggae<\/span> weiterlesen <span class=\"meta-nav\">&rarr;<\/span><\/a><\/p>\n","protected":false},"author":1,"featured_media":0,"comment_status":"closed","ping_status":"closed","sticky":false,"template":"","format":"standard","meta":[],"categories":[29],"tags":[],"_links":{"self":[{"href":"https:\/\/willizblog.de\/index.php?rest_route=\/wp\/v2\/posts\/248"}],"collection":[{"href":"https:\/\/willizblog.de\/index.php?rest_route=\/wp\/v2\/posts"}],"about":[{"href":"https:\/\/willizblog.de\/index.php?rest_route=\/wp\/v2\/types\/post"}],"author":[{"embeddable":true,"href":"https:\/\/willizblog.de\/index.php?rest_route=\/wp\/v2\/users\/1"}],"replies":[{"embeddable":true,"href":"https:\/\/willizblog.de\/index.php?rest_route=%2Fwp%2Fv2%2Fcomments&post=248"}],"version-history":[{"count":0,"href":"https:\/\/willizblog.de\/index.php?rest_route=\/wp\/v2\/posts\/248\/revisions"}],"wp:attachment":[{"href":"https:\/\/willizblog.de\/index.php?rest_route=%2Fwp%2Fv2%2Fmedia&parent=248"}],"wp:term":[{"taxonomy":"category","embeddable":true,"href":"https:\/\/willizblog.de\/index.php?rest_route=%2Fwp%2Fv2%2Fcategories&post=248"},{"taxonomy":"post_tag","embeddable":true,"href":"https:\/\/willizblog.de\/index.php?rest_route=%2Fwp%2Fv2%2Ftags&post=248"}],"curies":[{"name":"wp","href":"https:\/\/api.w.org\/{rel}","templated":true}]}}