{"id":25,"date":"2005-02-12T12:13:08","date_gmt":"2005-02-12T11:13:08","guid":{"rendered":"http:\/\/www.albinz.de\/blog\/?p=25"},"modified":"2005-02-12T12:31:29","modified_gmt":"2005-02-12T11:31:29","slug":"haus-im-schlamm","status":"publish","type":"post","link":"https:\/\/willizblog.de\/?p=25","title":{"rendered":"Haus im Schlamm"},"content":{"rendered":"<p>Mit einem sozialkritischen Projekt ist der international gefragte K\u00fcnster Santiago Sierra jetzt in der hannoverschen <a href=\"http:\/\/www.kestner.org\/\" target=\"_blank\">Kestnergesellschaft<\/a> zu sehen. Der Spanier lie\u00df zwei wei\u00dfe R\u00e4ume mit rund 120 Tonnen Schlamm und Erde f\u00fcllen. Besucher k\u00f6nnen in Gummistiefeln darin herumstapfen und ihre Spuren dann in leeren R\u00e4umen auf einem hellen Teppich hinterlassen.<\/p>\n<ul><img src=\"https:\/\/www.albinz.net\/models\/schlamm_kunst.jpg\" alt=\"Haus im Schlamm\" \/><\/ul>\n<p>Das Projekt &#8222;Haus im Schlamm&#8220; soll an die Entstehung des Maschsees erinnern. Der k\u00fcnstliche See mitten in Hannover wurde unter den Nationalsozialisten in den 30er-Jahren von 1.650 Arbeitslosen f\u00fcr Hungerl\u00f6hne ausgehoben (Quelle: <a href=\"http:\/\/www.ndr.de\/tv\/halloniedersachsen\/\" target=\"_blank\">NDR Fernsehen &#8211; Hallo Niedersachsen<\/a> vom 11.02.2005).<\/p>\n<p>Das Projekt bekommt durch die Flutkatastrophe in S\u00fcdasien leider eine zus\u00e4tzliche Bedeutung, einen makabren Unterton, und ist nat\u00fcrlich alles andere als unumschritten. So viel Matsch in einem Haus w\u00fcnscht man sich selbst seinem <a href=\"https:\/\/www.albinz.net\/kolumne.html#Uns\">\u00e4rgsten Nachbar<\/a> nicht.<\/p>\n","protected":false},"excerpt":{"rendered":"<p>Mit einem sozialkritischen Projekt ist der international gefragte K\u00fcnster Santiago Sierra jetzt in der hannoverschen Kestnergesellschaft zu sehen. Der Spanier lie\u00df zwei wei\u00dfe R\u00e4ume mit rund 120 Tonnen Schlamm und Erde f\u00fcllen. Besucher k\u00f6nnen in Gummistiefeln darin herumstapfen und ihre Spuren dann in leeren R\u00e4umen auf einem hellen Teppich hinterlassen. Das Projekt &#8222;Haus im Schlamm&#8220; &hellip; <a href=\"https:\/\/willizblog.de\/?p=25\" class=\"more-link\"><span class=\"screen-reader-text\">Haus im Schlamm<\/span> weiterlesen <span class=\"meta-nav\">&rarr;<\/span><\/a><\/p>\n","protected":false},"author":1,"featured_media":0,"comment_status":"closed","ping_status":"closed","sticky":false,"template":"","format":"standard","meta":[],"categories":[6],"tags":[],"_links":{"self":[{"href":"https:\/\/willizblog.de\/index.php?rest_route=\/wp\/v2\/posts\/25"}],"collection":[{"href":"https:\/\/willizblog.de\/index.php?rest_route=\/wp\/v2\/posts"}],"about":[{"href":"https:\/\/willizblog.de\/index.php?rest_route=\/wp\/v2\/types\/post"}],"author":[{"embeddable":true,"href":"https:\/\/willizblog.de\/index.php?rest_route=\/wp\/v2\/users\/1"}],"replies":[{"embeddable":true,"href":"https:\/\/willizblog.de\/index.php?rest_route=%2Fwp%2Fv2%2Fcomments&post=25"}],"version-history":[{"count":0,"href":"https:\/\/willizblog.de\/index.php?rest_route=\/wp\/v2\/posts\/25\/revisions"}],"wp:attachment":[{"href":"https:\/\/willizblog.de\/index.php?rest_route=%2Fwp%2Fv2%2Fmedia&parent=25"}],"wp:term":[{"taxonomy":"category","embeddable":true,"href":"https:\/\/willizblog.de\/index.php?rest_route=%2Fwp%2Fv2%2Fcategories&post=25"},{"taxonomy":"post_tag","embeddable":true,"href":"https:\/\/willizblog.de\/index.php?rest_route=%2Fwp%2Fv2%2Ftags&post=25"}],"curies":[{"name":"wp","href":"https:\/\/api.w.org\/{rel}","templated":true}]}}