{"id":2508,"date":"2009-12-24T00:01:31","date_gmt":"2009-12-23T23:01:31","guid":{"rendered":"http:\/\/www.willizblog.de\/?p=2508"},"modified":"2009-12-20T16:22:11","modified_gmt":"2009-12-20T15:22:11","slug":"weihnachten-von-a-bis-z-z-wie-zwischen-den-jahren","status":"publish","type":"post","link":"https:\/\/willizblog.de\/?p=2508","title":{"rendered":"Weihnachten von A bis Z: Z wie Zwischen den Jahren"},"content":{"rendered":"<p>Mit dem Buchstaben Z kommen wir heute am Heiligen Abend zum Ende des Weihnachtslexikons von <a href=\"https:\/\/de.wikipedia.org\/wiki\/Theo_Herrlein\" target=\"_blank\">Theo Herrlein<\/a>. <em>Zimt<\/em> ist ein wichtiges Weihnachtsgew\u00fcrz in vielerlei Backwaren, aber auch beim Bratapfel unverzichtbar. Sri Lanka ist die Heimat des Zimtbaumes, der strauchartig kultiviert wird. Von den zweij\u00e4hrigen Trieben sch\u00e4lt man die Rinde ab und trocknet sie. Diese ergeben die bekannten Zimtstangen.<\/p>\n<p>\u00dcbrigens: Der <em>zweite Weihnachtsfeiertag<\/em> wird fast nur in Deutschland gefeiert und geht auf die Sozialgesetzgebung Bismarcks zur\u00fcck, der ihn zusammen mit dem Ostermontag als gesetzliche Feiertage einf\u00fchrte.<\/p>\n<p><em>Zwischen den Jahren<\/em> ist die Zeit zwischen Weihnachten und Neujahr bzw. Heilige Drei K\u00f6nige. Dies war fr\u00fcher eine Zeit der Arbeitsruhe. In einigen Gegenden nannte man fr\u00fcher diese Tage auch <em>Zwischen den Zeiten<\/em>.<\/p>\n<p><img src=\"https:\/\/www.willizblog.de\/blogpicts\/advent2009_02.jpg\" alt=\"Frohe Weihnachten\" \/><\/p>\n<p>Zuletzt noch zwei Gedichte. <em>Zum 24. Dezember<\/em> ist ein Gedicht von Theodor Fontane (1819-1898):<\/p>\n<p><a href=\"http:\/\/www.gedichte-fuer-alle-faelle.de\/allegedichte\/gedicht_48.html\" target=\"_blank\">Zum 24. Dezember<\/a><\/p>\n<p><em>Noch einmal ein Weihnachtsfest,<br \/>\nImmer kleiner wird der Rest,<br \/>\nAber nehm ich so die Summe,<br \/>\nAlles Grade, alles Krumme,<br \/>\nAlles Falsche, alles Rechte,<br \/>\nAlles Gute, alles Schlechte &#8211;<br \/>\nRechnet sich aus all dem Braus<br \/>\nDoch ein richtig Leben heraus.<br \/>\nUnd dies k\u00f6nnen ist das Beste<br \/>\nWohl bei diesem Weihnachtsfeste.<\/em><\/p>\n<p><img src=\"https:\/\/www.willizblog.de\/blogpicts\/weihnachten_von_a_bis_z.jpg\" alt=\"Weihnachten von A bis Z\" \/><\/p>\n<p>Und in ganzen acht Zeilen bringt Wilhelm Busch (1832-1908) in seinem Gedicht <em>Zu Neujahr<\/em> seine W\u00fcnsche zum Neujahr trefflich zum Ausdruck.<\/p>\n<p><a href=\"http:\/\/www.christmasmagazine.com\/de\/spirit\/poem.asp?ID=176&#038;sort=title\" target=\"_blank\">Zu Neujahr<\/a><\/p>\n<p><em>Will das Gl\u00fcck nach seinem Sinn<br \/>\ndir was Gutes schenken,<br \/>\nsage Dank und nimm es hin<br \/>\nohne viel Bedenken.<br \/>\nJede Gabe sei begr\u00fc\u00dft,<br \/>\ndoch vor allen Dingen<br \/>\ndas, worum du dich bem\u00fchst<br \/>\nm\u00f6ge dir gelingen.<\/em><\/p>\n","protected":false},"excerpt":{"rendered":"<p>Mit dem Buchstaben Z kommen wir heute am Heiligen Abend zum Ende des Weihnachtslexikons von Theo Herrlein. Zimt ist ein wichtiges Weihnachtsgew\u00fcrz in vielerlei Backwaren, aber auch beim Bratapfel unverzichtbar. Sri Lanka ist die Heimat des Zimtbaumes, der strauchartig kultiviert wird. Von den zweij\u00e4hrigen Trieben sch\u00e4lt man die Rinde ab und trocknet sie. Diese ergeben &hellip; <a href=\"https:\/\/willizblog.de\/?p=2508\" class=\"more-link\"><span class=\"screen-reader-text\">Weihnachten von A bis Z: Z wie Zwischen den Jahren<\/span> weiterlesen <span class=\"meta-nav\">&rarr;<\/span><\/a><\/p>\n","protected":false},"author":1,"featured_media":0,"comment_status":"open","ping_status":"open","sticky":false,"template":"","format":"standard","meta":[],"categories":[33],"tags":[],"_links":{"self":[{"href":"https:\/\/willizblog.de\/index.php?rest_route=\/wp\/v2\/posts\/2508"}],"collection":[{"href":"https:\/\/willizblog.de\/index.php?rest_route=\/wp\/v2\/posts"}],"about":[{"href":"https:\/\/willizblog.de\/index.php?rest_route=\/wp\/v2\/types\/post"}],"author":[{"embeddable":true,"href":"https:\/\/willizblog.de\/index.php?rest_route=\/wp\/v2\/users\/1"}],"replies":[{"embeddable":true,"href":"https:\/\/willizblog.de\/index.php?rest_route=%2Fwp%2Fv2%2Fcomments&post=2508"}],"version-history":[{"count":0,"href":"https:\/\/willizblog.de\/index.php?rest_route=\/wp\/v2\/posts\/2508\/revisions"}],"wp:attachment":[{"href":"https:\/\/willizblog.de\/index.php?rest_route=%2Fwp%2Fv2%2Fmedia&parent=2508"}],"wp:term":[{"taxonomy":"category","embeddable":true,"href":"https:\/\/willizblog.de\/index.php?rest_route=%2Fwp%2Fv2%2Fcategories&post=2508"},{"taxonomy":"post_tag","embeddable":true,"href":"https:\/\/willizblog.de\/index.php?rest_route=%2Fwp%2Fv2%2Ftags&post=2508"}],"curies":[{"name":"wp","href":"https:\/\/api.w.org\/{rel}","templated":true}]}}