{"id":251,"date":"2005-10-03T08:44:50","date_gmt":"2005-10-03T07:44:50","guid":{"rendered":"http:\/\/www.albinz.de\/blog\/?p=251"},"modified":"2011-10-02T16:21:11","modified_gmt":"2011-10-02T15:21:11","slug":"tag-der-deutschen-dreieinigkeit","status":"publish","type":"post","link":"https:\/\/willizblog.de\/?p=251","title":{"rendered":"Tag der deutschen Dreieinigkeit"},"content":{"rendered":"<p>Ich kann mich noch sehr gut an die Aush\u00e4nge erinnern, die zu Zeiten fr\u00fcherer CDU-Regierungen an Litfa\u00df-S\u00e4ulen klebten und Deutschland als ein durch den Krieg dreigeteiltes Land zeigten: links (da nach Norden ausgerichtet) die Bundesrepublik, in der Mitte die SBZ (sowjetisch-besetzte Zone) und rechts die besetzten Ostgebiete. L\u00e4ngst war die Wirklichkeit eine andere und erst unter Willy Brandt wurde diese dann &#8218;im Westen&#8216; akzeptiert, auch wenn die Bild-Zeitung weiterhin unbeirrt DDR in Anf\u00fchrungszeichen schrieb (immerhin schrieb man schon DDR und nicht mehr SBZ).<\/p>\n<p>Zu Zeiten dieser Dreigeteiltheit nannte man den mittleren Teil Deutschlands auch gern Mitteldeutschland. Erst viel sp\u00e4ter wurde das in Ostdeutschland &#8218;umgetauft&#8216; und seit 1990 spricht man dann bekanntlich von den &#8217;neuen Bundesl\u00e4ndern&#8216;. Wie sich geographische Begriffe \u00e4ndern k\u00f6nnen. Nur durch einige Vertriebenenverb\u00e4nden kann man irritiert werden, wenn diese von Ostdeutschland sprechen und damit u.a. Schlesien meinen (nur liegt Schwerin nicht in Schlesien &#8211; wenn beide auch in Ostdeutschland liegen?!).<\/p>\n<p>Nun heute ist unser, Deutschlands Nationalfeiertag. Und wir feiern die deutsche Einheit oder Wiedervereinigung oder Dreieinigkeit oder wie oder was &#8230;? Feiern wir eben &#8230;!<\/p>\n","protected":false},"excerpt":{"rendered":"<p>Ich kann mich noch sehr gut an die Aush\u00e4nge erinnern, die zu Zeiten fr\u00fcherer CDU-Regierungen an Litfa\u00df-S\u00e4ulen klebten und Deutschland als ein durch den Krieg dreigeteiltes Land zeigten: links (da nach Norden ausgerichtet) die Bundesrepublik, in der Mitte die SBZ (sowjetisch-besetzte Zone) und rechts die besetzten Ostgebiete. L\u00e4ngst war die Wirklichkeit eine andere und erst &hellip; <a href=\"https:\/\/willizblog.de\/?p=251\" class=\"more-link\"><span class=\"screen-reader-text\">Tag der deutschen Dreieinigkeit<\/span> weiterlesen <span class=\"meta-nav\">&rarr;<\/span><\/a><\/p>\n","protected":false},"author":1,"featured_media":0,"comment_status":"closed","ping_status":"closed","sticky":false,"template":"","format":"standard","meta":[],"categories":[32,12],"tags":[],"_links":{"self":[{"href":"https:\/\/willizblog.de\/index.php?rest_route=\/wp\/v2\/posts\/251"}],"collection":[{"href":"https:\/\/willizblog.de\/index.php?rest_route=\/wp\/v2\/posts"}],"about":[{"href":"https:\/\/willizblog.de\/index.php?rest_route=\/wp\/v2\/types\/post"}],"author":[{"embeddable":true,"href":"https:\/\/willizblog.de\/index.php?rest_route=\/wp\/v2\/users\/1"}],"replies":[{"embeddable":true,"href":"https:\/\/willizblog.de\/index.php?rest_route=%2Fwp%2Fv2%2Fcomments&post=251"}],"version-history":[{"count":0,"href":"https:\/\/willizblog.de\/index.php?rest_route=\/wp\/v2\/posts\/251\/revisions"}],"wp:attachment":[{"href":"https:\/\/willizblog.de\/index.php?rest_route=%2Fwp%2Fv2%2Fmedia&parent=251"}],"wp:term":[{"taxonomy":"category","embeddable":true,"href":"https:\/\/willizblog.de\/index.php?rest_route=%2Fwp%2Fv2%2Fcategories&post=251"},{"taxonomy":"post_tag","embeddable":true,"href":"https:\/\/willizblog.de\/index.php?rest_route=%2Fwp%2Fv2%2Ftags&post=251"}],"curies":[{"name":"wp","href":"https:\/\/api.w.org\/{rel}","templated":true}]}}