{"id":2511,"date":"2009-12-25T00:01:28","date_gmt":"2009-12-24T23:01:28","guid":{"rendered":"http:\/\/www.willizblog.de\/?p=2511"},"modified":"2009-12-22T11:27:20","modified_gmt":"2009-12-22T10:27:20","slug":"frohe-weihnachten-2009","status":"publish","type":"post","link":"https:\/\/willizblog.de\/?p=2511","title":{"rendered":"Frohe Weihnachten 2009"},"content":{"rendered":"<table border=\"0\" cellpadding=\"4\" cellspacing=\"0\" width=\"100%\" bgcolor=\"#C0C0C0\">\n<tr>\n<td width=\"33%\"><img loading=\"lazy\" border=\"0\" src=\"https:\/\/www.albinz.net\/images\/weihn03x.gif\" alt=\"Fliegender X-man\" align=\"left\" width=\"107\" height=\"118\"><\/td>\n<td width=\"33%\">\n<p align=\"center\"><img loading=\"lazy\" border=\"0\" src=\"https:\/\/www.willizblog.de\/albpics\/weihnachten2007.gif\" alt=\"Fr\u00f6hliche Weihnachten ...\" width=\"240\" height=\"180\"><\/td>\n<td width=\"34%\"><img loading=\"lazy\" border=\"0\" src=\"https:\/\/www.albinz.net\/images\/weihn03.gif\" alt=\"Fliegender X-man\" align=\"right\" width=\"107\" height=\"118\"><\/td>\n<\/tr>\n<tr>\n<td width=\"100%\" colspan=\"3\">\n<p align=\"justify\"><font face=\"Lucida Grande, Lucida Sans Unicode, Verdana, sans-serif\" size=\"2\">Ein turbulentes Jahr geht dem Ende entgegen. Sowohl auf der Arbeit als auch \u201ain deutschen Landen\u2019 hat sich einiges getan. Nicht umgedingt zum Guten, leider. Aber jetzt zu Weihnachten wollen wir nicht klagen. Wer halbwegs gesund ist, wer im Kreis seiner Lieben Halt und die \u201aW\u00e4rme\u2019 findet, die uns sonst im Alltagsleben immer mehr verloren zu gehen scheint, kann sich gl\u00fccklich sch\u00e4tzen. Die Weihnachtszeit bietet sich dazu an, uns all der \u201apositiven\u2019 Dinge unseres Lebens bewusst zu werden \u2013 und daf\u00fcr den Menschen zu danken, die ma\u00dfgeblich ihren Beitrag hierzu geleistet haben. Nun, denn &#8230; Ich w\u00fcnsche Euch allen ein geruhsames, friedvolles Weihnachtsfest und danke f\u00fcr Euren Besuch meines Blog. Und ich w\u00fcnsche Euch ein gutes Neues Jahr 2010, in dem alles f\u00fcr Euch in Erf\u00fcllung gehen m\u00f6ge, das Ihr Euch w\u00fcnscht. Man liest voneinander!<\/font><\/td>\n<\/tr>\n<tr>\n<td width=\"100%\" colspan=\"3\">\n<p align=\"center\"><img loading=\"lazy\" border=\"0\" src=\"https:\/\/www.willizblog.de\/blogpicts\/weihnachtsgruesse2009.jpg\" alt=\"Sch\u00f6ne Weihnachtsgr\u00fc\u00dfe 2009\" width=\"560\" height=\"321\"><\/td>\n<\/tr>\n<\/table>\n","protected":false},"excerpt":{"rendered":"<p>Ein turbulentes Jahr geht dem Ende entgegen. Sowohl auf der Arbeit als auch \u201ain deutschen Landen\u2019 hat sich einiges getan. Nicht umgedingt zum Guten, leider. Aber jetzt zu Weihnachten wollen wir nicht klagen. Wer halbwegs gesund ist, wer im Kreis seiner Lieben Halt und die \u201aW\u00e4rme\u2019 findet, die uns sonst im Alltagsleben immer mehr verloren &hellip; <a href=\"https:\/\/willizblog.de\/?p=2511\" class=\"more-link\"><span class=\"screen-reader-text\">Frohe Weihnachten 2009<\/span> weiterlesen <span class=\"meta-nav\">&rarr;<\/span><\/a><\/p>\n","protected":false},"author":1,"featured_media":0,"comment_status":"open","ping_status":"open","sticky":false,"template":"","format":"standard","meta":[],"categories":[33],"tags":[],"_links":{"self":[{"href":"https:\/\/willizblog.de\/index.php?rest_route=\/wp\/v2\/posts\/2511"}],"collection":[{"href":"https:\/\/willizblog.de\/index.php?rest_route=\/wp\/v2\/posts"}],"about":[{"href":"https:\/\/willizblog.de\/index.php?rest_route=\/wp\/v2\/types\/post"}],"author":[{"embeddable":true,"href":"https:\/\/willizblog.de\/index.php?rest_route=\/wp\/v2\/users\/1"}],"replies":[{"embeddable":true,"href":"https:\/\/willizblog.de\/index.php?rest_route=%2Fwp%2Fv2%2Fcomments&post=2511"}],"version-history":[{"count":0,"href":"https:\/\/willizblog.de\/index.php?rest_route=\/wp\/v2\/posts\/2511\/revisions"}],"wp:attachment":[{"href":"https:\/\/willizblog.de\/index.php?rest_route=%2Fwp%2Fv2%2Fmedia&parent=2511"}],"wp:term":[{"taxonomy":"category","embeddable":true,"href":"https:\/\/willizblog.de\/index.php?rest_route=%2Fwp%2Fv2%2Fcategories&post=2511"},{"taxonomy":"post_tag","embeddable":true,"href":"https:\/\/willizblog.de\/index.php?rest_route=%2Fwp%2Fv2%2Ftags&post=2511"}],"curies":[{"name":"wp","href":"https:\/\/api.w.org\/{rel}","templated":true}]}}