{"id":253,"date":"2005-10-01T16:25:41","date_gmt":"2005-10-01T15:25:41","guid":{"rendered":"http:\/\/www.albinz.de\/blog\/?p=253"},"modified":"2005-10-20T09:05:53","modified_gmt":"2005-10-20T07:05:53","slug":"bitte-keine-grossen-tone-spucken","status":"publish","type":"post","link":"https:\/\/willizblog.de\/?p=253","title":{"rendered":"Bitte, keine gro\u00dfen T\u00f6ne spucken &#8230;"},"content":{"rendered":"<p>Bisher war es nicht Werders Sache, gro\u00dfe T\u00f6ne zu spucken. Bisher &#8230; Dann meinte man, sich als gro\u00dfer Bayern-Kontrahent aufspielen zu k\u00f6nnen. Und schon ging so ziemlich alles in die Hose, was in die zu gro\u00dfe Hose passte. Man hat eben nicht das Gl\u00fcck, das die Bayern immer wieder und immer noch haben &#8230; Oder doch? Da sieht es nach einer Niederlage in Berlin gegen die Hertha aus &#8211; und am Ende gewinnt Werder dann doch noch kanpp mit 1:2. Ich glaube es kaum &#8230;<\/p>\n<p>Okay und trotzdem: Bitte, keine gro\u00dfen T\u00f6ne mehr in Zukunft, daf\u00fcr (weiterhin) gro\u00dfe Taten! Vielleicht bewegt ihr in der Champions League ja auch noch etwas &#8230;.!<\/p>\n","protected":false},"excerpt":{"rendered":"<p>Bisher war es nicht Werders Sache, gro\u00dfe T\u00f6ne zu spucken. Bisher &#8230; Dann meinte man, sich als gro\u00dfer Bayern-Kontrahent aufspielen zu k\u00f6nnen. Und schon ging so ziemlich alles in die Hose, was in die zu gro\u00dfe Hose passte. Man hat eben nicht das Gl\u00fcck, das die Bayern immer wieder und immer noch haben &#8230; Oder &hellip; <a href=\"https:\/\/willizblog.de\/?p=253\" class=\"more-link\"><span class=\"screen-reader-text\">Bitte, keine gro\u00dfen T\u00f6ne spucken &#8230;<\/span> weiterlesen <span class=\"meta-nav\">&rarr;<\/span><\/a><\/p>\n","protected":false},"author":1,"featured_media":0,"comment_status":"closed","ping_status":"closed","sticky":false,"template":"","format":"standard","meta":[],"categories":[27],"tags":[],"_links":{"self":[{"href":"https:\/\/willizblog.de\/index.php?rest_route=\/wp\/v2\/posts\/253"}],"collection":[{"href":"https:\/\/willizblog.de\/index.php?rest_route=\/wp\/v2\/posts"}],"about":[{"href":"https:\/\/willizblog.de\/index.php?rest_route=\/wp\/v2\/types\/post"}],"author":[{"embeddable":true,"href":"https:\/\/willizblog.de\/index.php?rest_route=\/wp\/v2\/users\/1"}],"replies":[{"embeddable":true,"href":"https:\/\/willizblog.de\/index.php?rest_route=%2Fwp%2Fv2%2Fcomments&post=253"}],"version-history":[{"count":0,"href":"https:\/\/willizblog.de\/index.php?rest_route=\/wp\/v2\/posts\/253\/revisions"}],"wp:attachment":[{"href":"https:\/\/willizblog.de\/index.php?rest_route=%2Fwp%2Fv2%2Fmedia&parent=253"}],"wp:term":[{"taxonomy":"category","embeddable":true,"href":"https:\/\/willizblog.de\/index.php?rest_route=%2Fwp%2Fv2%2Fcategories&post=253"},{"taxonomy":"post_tag","embeddable":true,"href":"https:\/\/willizblog.de\/index.php?rest_route=%2Fwp%2Fv2%2Ftags&post=253"}],"curies":[{"name":"wp","href":"https:\/\/api.w.org\/{rel}","templated":true}]}}