{"id":254,"date":"2005-10-05T15:19:15","date_gmt":"2005-10-05T14:19:15","guid":{"rendered":"http:\/\/www.albinz.de\/blog\/?p=254"},"modified":"2005-10-20T09:04:28","modified_gmt":"2005-10-20T07:04:28","slug":"neuwahl-in-sicht","status":"publish","type":"post","link":"https:\/\/willizblog.de\/?p=254","title":{"rendered":"Neuwahl in Sicht?!"},"content":{"rendered":"<p>\u00dcber der dritten Sondierungsrunde von Union und SPD am heutigen Mittwochnachmittag schwebt die Gefahr des fr\u00fchen Scheiterns. Die Fronten in der Kanzlerfrage sind weiterhin verh\u00e4rtet. Daf\u00fcr tr\u00e4umt die FDP davon, doch wieder ins Rennen zu kommen (Stichwort: Jamaika). Oder vielleicht doch Ampel? &#8211; hoffen SPD-Politiker.<\/p>\n<p>Bei dem ganzen Gezerre fragt man sich, ob da am Ende eine handlungsf\u00e4hige Regierungsmehrheit zu Stande kommt. Ich bin kein Prophet (muss man gar nicht sein), aber ich denke NICHT. Und ich denke auch, dass sich eines Tages der Bundestag konstituiert, um im dritten Wahlgang Herrn Schr\u00f6der zum Bundeskanzler zu w\u00e4hlen &#8211; mit den Stimmen der Linken (die sich zun\u00e4chst enthalten haben), weil die nat\u00fcrlich keine Frau Merkel wollen. So spekuliert Herr Schr\u00f6der vielleicht &#8230; Aber was dann? Zu Weihnachten also Neuwahlen? In Deutschland ist inzwischen alles m\u00f6glich &#8230;<\/p>\n<p>M\u00f6glich w\u00e4re auch etwas, das keiner will und doch geht. Herr Schr\u00f6der regiert einfach weiter, so lange kein neuer Bundeskanzler gew\u00e4hlt wird. Zwar hat die alte rot-gr\u00fcne Regierung im neuen Bundestag keine Mehrheit, aber die kann man sich ggfs. &#8218;woanders&#8216; herholen. Ansonsten h\u00e4tten wir etwas, was man wohl Gesetzgebungsnotstand nennen k\u00f6nnte.<\/p>\n","protected":false},"excerpt":{"rendered":"<p>\u00dcber der dritten Sondierungsrunde von Union und SPD am heutigen Mittwochnachmittag schwebt die Gefahr des fr\u00fchen Scheiterns. Die Fronten in der Kanzlerfrage sind weiterhin verh\u00e4rtet. Daf\u00fcr tr\u00e4umt die FDP davon, doch wieder ins Rennen zu kommen (Stichwort: Jamaika). Oder vielleicht doch Ampel? &#8211; hoffen SPD-Politiker. Bei dem ganzen Gezerre fragt man sich, ob da am &hellip; <a href=\"https:\/\/willizblog.de\/?p=254\" class=\"more-link\"><span class=\"screen-reader-text\">Neuwahl in Sicht?!<\/span> weiterlesen <span class=\"meta-nav\">&rarr;<\/span><\/a><\/p>\n","protected":false},"author":1,"featured_media":0,"comment_status":"closed","ping_status":"closed","sticky":false,"template":"","format":"standard","meta":[],"categories":[29],"tags":[],"_links":{"self":[{"href":"https:\/\/willizblog.de\/index.php?rest_route=\/wp\/v2\/posts\/254"}],"collection":[{"href":"https:\/\/willizblog.de\/index.php?rest_route=\/wp\/v2\/posts"}],"about":[{"href":"https:\/\/willizblog.de\/index.php?rest_route=\/wp\/v2\/types\/post"}],"author":[{"embeddable":true,"href":"https:\/\/willizblog.de\/index.php?rest_route=\/wp\/v2\/users\/1"}],"replies":[{"embeddable":true,"href":"https:\/\/willizblog.de\/index.php?rest_route=%2Fwp%2Fv2%2Fcomments&post=254"}],"version-history":[{"count":0,"href":"https:\/\/willizblog.de\/index.php?rest_route=\/wp\/v2\/posts\/254\/revisions"}],"wp:attachment":[{"href":"https:\/\/willizblog.de\/index.php?rest_route=%2Fwp%2Fv2%2Fmedia&parent=254"}],"wp:term":[{"taxonomy":"category","embeddable":true,"href":"https:\/\/willizblog.de\/index.php?rest_route=%2Fwp%2Fv2%2Fcategories&post=254"},{"taxonomy":"post_tag","embeddable":true,"href":"https:\/\/willizblog.de\/index.php?rest_route=%2Fwp%2Fv2%2Ftags&post=254"}],"curies":[{"name":"wp","href":"https:\/\/api.w.org\/{rel}","templated":true}]}}