{"id":2559,"date":"2010-01-06T00:01:37","date_gmt":"2010-01-05T23:01:37","guid":{"rendered":"http:\/\/www.willizblog.de\/?p=2559"},"modified":"2010-01-05T17:07:44","modified_gmt":"2010-01-05T16:07:44","slug":"jahr-der-biologischen-vielfalt-2010","status":"publish","type":"post","link":"https:\/\/willizblog.de\/?p=2559","title":{"rendered":"Jahr der biologischen Vielfalt 2010"},"content":{"rendered":"<p>2010 ist das Internationale Jahr der <a href=\"https:\/\/de.wikipedia.org\/wiki\/Biodiversit%C3%A4t\" target=\"_blank\">Biodiversit\u00e4t<\/a>, also das <strong>Jahr der biologischen Vielfalt<\/strong> &#8211; in ihm soll es gelingen, das Artensterben zu stoppen. Doch was beim Klima und vielen anderen Bereichen gilt, gilt auch hier: Verpflichtungen soll man einhalten, man muss es aber nicht. Dabei ist biologische Vielfalt wichtig:<\/p>\n<p><img src=\"https:\/\/www.willizblog.de\/blogpicts\/naturkundemuseum_berlin_biodiversitaet.jpg\" alt=\"Jahr der biologischen Vielfalt 2010\" \/><\/p>\n<p>Die biologische Vielfalt wird als eine der Grundvoraussetzungen f\u00fcr die Stabilit\u00e4t der weltweiten \u00d6kosysteme gegen\u00fcber St\u00f6reinfl\u00fcssen betrachtet. Auf der anderen Seite bedeutet die Ausrottung der Arten, wie sie durch Umweltverschmutzung, Fl\u00e4chenversiegelung, Massenproduktion und Raubbau hervorgerufen wird, eine unwiederbringliche Verarmung der Fauna und Flora und der Variet\u00e4ten der Arten. Eine hohe genetische Vielfalt ist aber vielfach Voraussetzung f\u00fcr eine evolution\u00e4re Anpassung der Arten zum Beispiel an sich, insbesondere durch den Menschen, rapide ver\u00e4ndernde Umweltbedingungen und \u2013 letztendlich \u2013 die weitere Evolution.<\/p>\n<p>Siehe auch zdf.de: <a href=\"http:\/\/www.heute.de\/ZDFheute\/inhalt\/28\/0,3672,7965436,00.html\" target=\"_blank\">Warum Artenschutz \u00f6konomisch Sinn macht<\/a> und <a href=\"http:\/\/www.zdf.de\/ZDFmediathek\/content\/497766\" target=\"_blank\"><strong>Interaktiv<\/strong> Der reiche Planet &#8211; Biologische Vielfalt<\/a><\/p>\n<p><a href=\"http:\/\/www.bonn.de\/wirtschaft_wissenschaft_internationales\/konferenzstandort\/biodiv_konferenz\/index.html\" target=\"_blank\">\u00dcbereinkommen und Berichte zur UN-Konferenz zur Biodiversit\u00e4t 2008 in Bonn<\/a><\/p>\n","protected":false},"excerpt":{"rendered":"<p>2010 ist das Internationale Jahr der Biodiversit\u00e4t, also das Jahr der biologischen Vielfalt &#8211; in ihm soll es gelingen, das Artensterben zu stoppen. Doch was beim Klima und vielen anderen Bereichen gilt, gilt auch hier: Verpflichtungen soll man einhalten, man muss es aber nicht. Dabei ist biologische Vielfalt wichtig: Die biologische Vielfalt wird als eine &hellip; <a href=\"https:\/\/willizblog.de\/?p=2559\" class=\"more-link\"><span class=\"screen-reader-text\">Jahr der biologischen Vielfalt 2010<\/span> weiterlesen <span class=\"meta-nav\">&rarr;<\/span><\/a><\/p>\n","protected":false},"author":1,"featured_media":0,"comment_status":"open","ping_status":"open","sticky":false,"template":"","format":"standard","meta":[],"categories":[20],"tags":[],"_links":{"self":[{"href":"https:\/\/willizblog.de\/index.php?rest_route=\/wp\/v2\/posts\/2559"}],"collection":[{"href":"https:\/\/willizblog.de\/index.php?rest_route=\/wp\/v2\/posts"}],"about":[{"href":"https:\/\/willizblog.de\/index.php?rest_route=\/wp\/v2\/types\/post"}],"author":[{"embeddable":true,"href":"https:\/\/willizblog.de\/index.php?rest_route=\/wp\/v2\/users\/1"}],"replies":[{"embeddable":true,"href":"https:\/\/willizblog.de\/index.php?rest_route=%2Fwp%2Fv2%2Fcomments&post=2559"}],"version-history":[{"count":0,"href":"https:\/\/willizblog.de\/index.php?rest_route=\/wp\/v2\/posts\/2559\/revisions"}],"wp:attachment":[{"href":"https:\/\/willizblog.de\/index.php?rest_route=%2Fwp%2Fv2%2Fmedia&parent=2559"}],"wp:term":[{"taxonomy":"category","embeddable":true,"href":"https:\/\/willizblog.de\/index.php?rest_route=%2Fwp%2Fv2%2Fcategories&post=2559"},{"taxonomy":"post_tag","embeddable":true,"href":"https:\/\/willizblog.de\/index.php?rest_route=%2Fwp%2Fv2%2Ftags&post=2559"}],"curies":[{"name":"wp","href":"https:\/\/api.w.org\/{rel}","templated":true}]}}