{"id":2565,"date":"2010-01-08T00:01:25","date_gmt":"2010-01-07T23:01:25","guid":{"rendered":"http:\/\/www.willizblog.de\/?p=2565"},"modified":"2010-01-07T11:39:39","modified_gmt":"2010-01-07T10:39:39","slug":"werder-weiter-der-sympathischste-klub-deutschlands","status":"publish","type":"post","link":"https:\/\/willizblog.de\/?p=2565","title":{"rendered":"Werder weiter der sympathischste Klub Deutschlands"},"content":{"rendered":"<p>Immerhin 80 % der Fu\u00dfballinteressierten zwischen 14 und 69 Jahren finden die <a href=\"http:\/\/www.werder.de\/aktuelles\/news\/meldung.php\/17063\/Werder-weiter-der-sympathischste-Klub-Deutschlands\" target=\"_blank\">Bundesligamannschaft des SV Werder Bremen<\/a> \u201esympathisch\u201c oder sogar \u201esehr sympathisch&#8220;. Und auf die Frage &#8222;Welchen Klub m\u00f6gen Sie am liebsten?&#8220; kommt Werder auf sehr gute 14 Prozent der Befragten. Nur die M\u00fcnchener Bayern liegen mit 23 Prozent vor den Bremern. Allerdings stammt die Umfrage aus einer Zeit vor dem 16. Spieltag, als Werder auch in der Tabelle noch auf dem 2. Platz rangierte.<\/p>\n<p>Am n\u00e4chsten Freitag beginnt nach verk\u00fcrzter Winterpause die R\u00fcckrunde mit dem Spiel Bayern M\u00fcnchen \u2013 Hoffenheim. Die Mannschaft von Werder weilt bis morgen noch im Trainingslager in Dubai und l\u00e4sst es sich dort gut gehen. Immerhin konnte sie ihr erstes Spiel dieses Jahres, ein <a href=\"http:\/\/www.werder.de\/aktuelles\/news\/meldung.php\/17213\/Werder-gewinnt-PokalsiegerDuell-gegen-Al-Ain-mit-21\" target=\"_blank\">Pokalsiegerduell<\/a> gegen <a href=\"https:\/\/de.wikipedia.org\/wiki\/Al_Ain_Club\" target=\"_blank\">Al Ain FC<\/a>, einer Mannschaft aus den Vereinigten Arabischen Emiraten, die 2003 immerhin die asiatische Champions League f\u00fcr sich verbuchte, mit 2:1 gewinnen, wobei Claudio Pizarro beide Bremer Tore markierte.<\/p>\n<p>K\u00f6nnte man den Saisonauftakt (die Heimniederlage gegen Frankfurt) und die beiden letzten Spiele der Hinrunde (Niederlagen gegen Schalke und dem HSV) vergessen, dann w\u00e4re es eine sehr gute Hinrunde geworden. Aber so liegen die Bremer mit 7 Punkten Abstand auf den Herbstmeister Bayer Leverkusen nur auf den 6. Rang und damit zwei Pl\u00e4tze, aber auch nur zwei Punkte besser als vor einem Jahr. So schnell (innerhalb von zwei bzw. drei Spielen) kann es gehen \u2013 und man befindet sich wieder in der Mittelm\u00e4\u00dfigkeit. Vielleicht tut da ein Aufenthalt in Dubai ganz gut. Und hoffentlich sind die Jungs wieder voll da, wenn es in acht Tagen nach Frankfurt geht und daran, die dumme Niederlage aus der Hinrunde vergessen zu machen.<\/p>\n","protected":false},"excerpt":{"rendered":"<p>Immerhin 80 % der Fu\u00dfballinteressierten zwischen 14 und 69 Jahren finden die Bundesligamannschaft des SV Werder Bremen \u201esympathisch\u201c oder sogar \u201esehr sympathisch&#8220;. Und auf die Frage &#8222;Welchen Klub m\u00f6gen Sie am liebsten?&#8220; kommt Werder auf sehr gute 14 Prozent der Befragten. Nur die M\u00fcnchener Bayern liegen mit 23 Prozent vor den Bremern. Allerdings stammt die &hellip; <a href=\"https:\/\/willizblog.de\/?p=2565\" class=\"more-link\"><span class=\"screen-reader-text\">Werder weiter der sympathischste Klub Deutschlands<\/span> weiterlesen <span class=\"meta-nav\">&rarr;<\/span><\/a><\/p>\n","protected":false},"author":1,"featured_media":0,"comment_status":"open","ping_status":"open","sticky":false,"template":"","format":"standard","meta":[],"categories":[27],"tags":[],"_links":{"self":[{"href":"https:\/\/willizblog.de\/index.php?rest_route=\/wp\/v2\/posts\/2565"}],"collection":[{"href":"https:\/\/willizblog.de\/index.php?rest_route=\/wp\/v2\/posts"}],"about":[{"href":"https:\/\/willizblog.de\/index.php?rest_route=\/wp\/v2\/types\/post"}],"author":[{"embeddable":true,"href":"https:\/\/willizblog.de\/index.php?rest_route=\/wp\/v2\/users\/1"}],"replies":[{"embeddable":true,"href":"https:\/\/willizblog.de\/index.php?rest_route=%2Fwp%2Fv2%2Fcomments&post=2565"}],"version-history":[{"count":0,"href":"https:\/\/willizblog.de\/index.php?rest_route=\/wp\/v2\/posts\/2565\/revisions"}],"wp:attachment":[{"href":"https:\/\/willizblog.de\/index.php?rest_route=%2Fwp%2Fv2%2Fmedia&parent=2565"}],"wp:term":[{"taxonomy":"category","embeddable":true,"href":"https:\/\/willizblog.de\/index.php?rest_route=%2Fwp%2Fv2%2Fcategories&post=2565"},{"taxonomy":"post_tag","embeddable":true,"href":"https:\/\/willizblog.de\/index.php?rest_route=%2Fwp%2Fv2%2Ftags&post=2565"}],"curies":[{"name":"wp","href":"https:\/\/api.w.org\/{rel}","templated":true}]}}