{"id":2569,"date":"2010-01-09T00:01:25","date_gmt":"2010-01-08T23:01:25","guid":{"rendered":"http:\/\/www.willizblog.de\/?p=2569"},"modified":"2010-01-08T18:25:15","modified_gmt":"2010-01-08T17:25:15","slug":"daisy-kommt-hereingeschneit","status":"publish","type":"post","link":"https:\/\/willizblog.de\/?p=2569","title":{"rendered":"Daisy kommt hereingeschneit"},"content":{"rendered":"<p>Man h\u00f6rt zz. immer wieder: So einen Winter hatten wir schon lange nicht mehr, was nat\u00fcrlich nicht ganz stimmt. Seit fast f\u00fcnf Jahren f\u00fchre ich dieses Blog \u2013 und da Wetter ganz allgemein ein immer wieder beliebtes Thema ist, kommt auch das Wetter hier (als <a href=\"https:\/\/www.willizblog.de\/?cat=16\" target=\"_blank\">Donnerwetter<\/a>) nicht zu kurz.<\/p>\n<p>Erinnern wir uns nur kurz: Im Februar 2005 beeindruckte uns ein <a href=\"https:\/\/www.willizblog.de\/?p=29\" target=\"_blank\">Orkantief namens \u2018Ulf\u2019<\/a>. Im Januar 2006, also vor vier Jahren, war es <a href=\"https:\/\/www.willizblog.de\/?p=364\" target=\"_blank\">Hoch \u2018Claus\u2019<\/a>, das uns gefrieren lie\u00df. Im M\u00e4rz kam dann noch <a href=\"https:\/\/www.willizblog.de\/?p=411\" target=\"_blank\">kr\u00e4ftig Schnee<\/a> bei Eisestemperaturen dazu. Im Januar 2007 war es dann wieder ein Orkantief, das diesmal sogar tiefe Spuren im Land hinterlie\u00df: <a href=\"https:\/\/www.willizblog.de\/?p=729\" target=\"_blank\">Kyrill<\/a> war sein Name. Und zu <a href=\"https:\/\/www.willizblog.de\/?p=1142\" target=\"_blank\">Ostern 2008<\/a> im M\u00e4rz gab es dann auch noch Schnee bis zu uns in die Tiefebene Norddeutschlands.<\/p>\n<p>Aber es ist schon richtig: Eine so lange K\u00e4lteperiode wie zurzeit \u2013 und ein Ende ist noch nicht abzusehen \u2013 gab es in den letzten Jahren nicht. Meist ging es mit den Temperaturen hinab und kurz darauf wieder hinauf. Wenn es schneite, dann blieb der Schnee nicht lange liegen und wurde schnell zu Matsch. Guckt man auf die augenblickliche Wetterkarte, dann sieht man, dass fast ganz Europa (bis hin in den S\u00fcden Spaniens) unter K\u00e4lte leidet (Nordasien und Teile Nordamerikas sowieso):<\/p>\n<p><img src=\"https:\/\/www.willizblog.de\/blogpicts\/winter_europa_2010.jpg\" alt=\"Wintereinbruch in ganz Europa - Januar 2010\" \/><\/p>\n<p>Und jetzt mit diesem Wochenende schneit wieder ein Tief bei uns herein \u2013 mit dem sch\u00f6nen Namen Daisy \u2013 und bringt uns neben der K\u00e4lte wohl auch reichlich Schnee mit \u2013 und Sturm, was in der Kombination mit Schnee nicht ganz so erquicklich sein wird. Immerhin ein Gutes hat das Ganze: Daisy kommt zum Wochenende, da sollte man es sich, wenn es geht, hinterm warmen Ofen gem\u00fctlich machen.<\/p>\n<p>Schauen wir mal, was da auf uns zukommt: <em>Ich w\u00fcnsche weiterhin einen frostigen Winter!<\/em><\/p>\n<p>siehe auch zdf.de: <a href=\"http:\/\/www.heute.de\/ZDFheute\/inhalt\/28\/0,3672,7975132,00.html\" target=\"_blank\">Schnee und Sturm: Es wird ungem\u00fctlich<\/a><\/p>\n","protected":false},"excerpt":{"rendered":"<p>Man h\u00f6rt zz. immer wieder: So einen Winter hatten wir schon lange nicht mehr, was nat\u00fcrlich nicht ganz stimmt. Seit fast f\u00fcnf Jahren f\u00fchre ich dieses Blog \u2013 und da Wetter ganz allgemein ein immer wieder beliebtes Thema ist, kommt auch das Wetter hier (als Donnerwetter) nicht zu kurz. Erinnern wir uns nur kurz: Im &hellip; <a href=\"https:\/\/willizblog.de\/?p=2569\" class=\"more-link\"><span class=\"screen-reader-text\">Daisy kommt hereingeschneit<\/span> weiterlesen <span class=\"meta-nav\">&rarr;<\/span><\/a><\/p>\n","protected":false},"author":1,"featured_media":0,"comment_status":"open","ping_status":"open","sticky":false,"template":"","format":"standard","meta":[],"categories":[16],"tags":[],"_links":{"self":[{"href":"https:\/\/willizblog.de\/index.php?rest_route=\/wp\/v2\/posts\/2569"}],"collection":[{"href":"https:\/\/willizblog.de\/index.php?rest_route=\/wp\/v2\/posts"}],"about":[{"href":"https:\/\/willizblog.de\/index.php?rest_route=\/wp\/v2\/types\/post"}],"author":[{"embeddable":true,"href":"https:\/\/willizblog.de\/index.php?rest_route=\/wp\/v2\/users\/1"}],"replies":[{"embeddable":true,"href":"https:\/\/willizblog.de\/index.php?rest_route=%2Fwp%2Fv2%2Fcomments&post=2569"}],"version-history":[{"count":0,"href":"https:\/\/willizblog.de\/index.php?rest_route=\/wp\/v2\/posts\/2569\/revisions"}],"wp:attachment":[{"href":"https:\/\/willizblog.de\/index.php?rest_route=%2Fwp%2Fv2%2Fmedia&parent=2569"}],"wp:term":[{"taxonomy":"category","embeddable":true,"href":"https:\/\/willizblog.de\/index.php?rest_route=%2Fwp%2Fv2%2Fcategories&post=2569"},{"taxonomy":"post_tag","embeddable":true,"href":"https:\/\/willizblog.de\/index.php?rest_route=%2Fwp%2Fv2%2Ftags&post=2569"}],"curies":[{"name":"wp","href":"https:\/\/api.w.org\/{rel}","templated":true}]}}