{"id":258,"date":"2005-10-12T16:58:06","date_gmt":"2005-10-12T14:58:06","guid":{"rendered":"http:\/\/www.albinz.de\/blog\/?p=258"},"modified":"2005-10-20T09:03:05","modified_gmt":"2005-10-20T07:03:05","slug":"im-auge-des-sturms","status":"publish","type":"post","link":"https:\/\/willizblog.de\/?p=258","title":{"rendered":"Im Auge des Sturms"},"content":{"rendered":"<p>Erst wurden die Karibik und die USA von dem <a href=\"https:\/\/de.wikipedia.org\/wiki\/Hurrikan\" target=\"_blank\">Hurrikan<\/a> Katrina heimgesucht, dann w\u00fctete &#8222;Stan&#8220; in Mittelamerika. Dass wir nicht ganz davon verschont bleiben, bewies der Hurrikan Rita, der in den USA zwar nicht den bef\u00fcrchteten Schaden anrichtete, aber dann doch noch gen\u00fcgend Kraft besa\u00df, um als Tiefausl\u00e4ufer am 1. Oktober starke Regenf\u00e4lle u.a. in weite Teile Norddeutschlands zu bringen (bei uns in Tostedt fand gerade der <a href=\"https:\/\/www.albinz.net\/tostedt\/veranst.html#Und\" target=\"_blank\">T\u00f6ster Flohmarkt<\/a> statt, der im Regen baden ging).<\/p>\n<p>Wer wie ich in Norddeutschland lebt, kennt die Gefahren, die hier durch Sturmfluten bestehen. Und wer die Wetterentwicklung der letzten Jahre in Deutschland aufmerksam beobachtet hat, wird festgestellt haben, dass sich hier einiges tut: unwetterartige Niederschl\u00e4ge, die zu \u00dcberschwemmungen f\u00fchren, orkanartige St\u00fcrme &#8211; ja selbst so genannte Windhosen werden mehr und mehr registriert.<\/p>\n<p>Was in New Orleans passiert ist, kann in schon naher Zukunft z.B. auch mit Bremen geschehen. Und wenn man an die Halligen, den kleinen Inseln im nordfriesischen Wattenmeer, denkt, so gehen Wissenschaftler davon aus, das diese nicht mehr lange existieren werden. Meine Frau wollte immer schon einmal einen kleinen Urlaub auf einer Hallig machen. Daf\u00fcr bleibt uns vielleicht nicht mehr viel Zeit.<\/p>\n<ul><img src=\"https:\/\/www.willizblog.de\/albpics\/hallig.jpg\" alt=\"Hallig im nordfriesischen Wattenmeer\" \/><\/ul>\n<p>Im ZDF lief gestern der erste Teil der Sendung &#8222;Im Auge des Sturms&#8220;. Wie aktuell das Thema ist, hat sich gezeigt. Im 2. Teil am 25.10.2005 um 20 Uhr 15 geht es nun um Sturmflut und Monsterwellen und dabei um die Wetter\u00e4nderungen im Nordatlantik und in Europa.<\/p>\n<p>mehr zur Sendung &#8222;Im Auge des Sturms &#8211; Teil 2: <a href=\"http:\/\/www.zdf.de\/ZDFde\/inhalt\/0\/0,1872,2383552,00.html\" target=\"_blank\">Sturmflut und Monsterwellen<\/a>&#8220; im ZDF<\/p>\n","protected":false},"excerpt":{"rendered":"<p>Erst wurden die Karibik und die USA von dem Hurrikan Katrina heimgesucht, dann w\u00fctete &#8222;Stan&#8220; in Mittelamerika. Dass wir nicht ganz davon verschont bleiben, bewies der Hurrikan Rita, der in den USA zwar nicht den bef\u00fcrchteten Schaden anrichtete, aber dann doch noch gen\u00fcgend Kraft besa\u00df, um als Tiefausl\u00e4ufer am 1. Oktober starke Regenf\u00e4lle u.a. in &hellip; <a href=\"https:\/\/willizblog.de\/?p=258\" class=\"more-link\"><span class=\"screen-reader-text\">Im Auge des Sturms<\/span> weiterlesen <span class=\"meta-nav\">&rarr;<\/span><\/a><\/p>\n","protected":false},"author":1,"featured_media":0,"comment_status":"closed","ping_status":"closed","sticky":false,"template":"","format":"standard","meta":[],"categories":[20],"tags":[],"_links":{"self":[{"href":"https:\/\/willizblog.de\/index.php?rest_route=\/wp\/v2\/posts\/258"}],"collection":[{"href":"https:\/\/willizblog.de\/index.php?rest_route=\/wp\/v2\/posts"}],"about":[{"href":"https:\/\/willizblog.de\/index.php?rest_route=\/wp\/v2\/types\/post"}],"author":[{"embeddable":true,"href":"https:\/\/willizblog.de\/index.php?rest_route=\/wp\/v2\/users\/1"}],"replies":[{"embeddable":true,"href":"https:\/\/willizblog.de\/index.php?rest_route=%2Fwp%2Fv2%2Fcomments&post=258"}],"version-history":[{"count":0,"href":"https:\/\/willizblog.de\/index.php?rest_route=\/wp\/v2\/posts\/258\/revisions"}],"wp:attachment":[{"href":"https:\/\/willizblog.de\/index.php?rest_route=%2Fwp%2Fv2%2Fmedia&parent=258"}],"wp:term":[{"taxonomy":"category","embeddable":true,"href":"https:\/\/willizblog.de\/index.php?rest_route=%2Fwp%2Fv2%2Fcategories&post=258"},{"taxonomy":"post_tag","embeddable":true,"href":"https:\/\/willizblog.de\/index.php?rest_route=%2Fwp%2Fv2%2Ftags&post=258"}],"curies":[{"name":"wp","href":"https:\/\/api.w.org\/{rel}","templated":true}]}}