{"id":2655,"date":"2010-01-30T16:54:42","date_gmt":"2010-01-30T15:54:42","guid":{"rendered":"http:\/\/www.willizblog.de\/?p=2655"},"modified":"2010-01-30T16:54:43","modified_gmt":"2010-01-30T15:54:43","slug":"winter-in-tostedt","status":"publish","type":"post","link":"https:\/\/willizblog.de\/?p=2655","title":{"rendered":"Winter in Tostedt"},"content":{"rendered":"<p>Ja, das Wetter bleibt ein beliebtes Thema: Der gestrige Tag hat uns hier in <a href=\"https:\/\/de.wikipedia.org\/wiki\/Tostedt\" target=\"_blank\">Tostedt<\/a> wieder jede Menge Schnee gebracht. Auch heute Morgen musste ich noch einmal mit dem Besen die Wege vom Schnee befeien. Aber bereits zu Mittag brach der Himmel auf und lie\u00df f\u00fcr einige Stunden sogar die Sonne hervorkommen. Da die Temperatur ertr\u00e4glich ist (nur einige Grade unter Null), kann man sich durchaus im Freien zeigen und Sauerstoff tanken. Anders ist es weiter Richtung Osten, wo <a href=\"http:\/\/www.heute.de\/ZDFheute\/inhalt\/12\/0,3672,8022796,00.html\" target=\"_blank\">&#8222;Mini&#8220;-Daisy<\/a> den Verkehr lahm legt. Die <a href=\"http:\/\/www.wetter.com\/wetter_aktuell\/wettervorhersage\/3_tagesvorhersage\/?id=DE0010561\" target=\"_blank\">weiteren Wetteraussichten<\/a>: In der Nacht wird es wieder etwas k\u00e4lter. Und morgen Mittag soll es wieder leicht schneien: Winter goes on!<\/p>\n<table border=\"0\" cellpadding=\"5\" cellspacing=\"0\" width=\"100%\">\n<tr>\n<td width=\"50%\" align=\"center\"><img loading=\"lazy\" border=\"0\" src=\"https:\/\/www.willizblog.de\/blogpicts\/winter_2010_01_11.jpg\" alt=\"Willkommen im T\u00f6ster Winter\" width=\"202\" height=\"270\"><\/td>\n<td width=\"50%\" align=\"center\"><img loading=\"lazy\" border=\"0\" src=\"https:\/\/www.willizblog.de\/blogpicts\/winter_2010_01_12.jpg\" alt=\"Vereiste Pflanzen\" width=\"270\" height=\"203\"><\/td>\n<\/tr>\n<tr>\n<td width=\"50%\" align=\"center\"><font face=\"Lucida Grande, Lucida Sans Unicode, Verdana, sans-serif\" size=\"2\">Willkommen im T\u00f6ster Winter<\/font><\/td>\n<td width=\"50%\" align=\"center\"><font face=\"Lucida Grande, Lucida Sans Unicode, Verdana, sans-serif\" size=\"2\">Vereiste Pflanzen<\/font><\/td>\n<\/tr>\n<tr>\n<td width=\"50%\" align=\"center\"><img loading=\"lazy\" border=\"0\" src=\"https:\/\/www.willizblog.de\/blogpicts\/winter_2010_01_13.jpg\" alt=\"Schneeiger Strauch\" width=\"270\" height=\"203\"><\/td>\n<td width=\"50%\" align=\"center\"><img loading=\"lazy\" border=\"0\" src=\"https:\/\/www.willizblog.de\/blogpicts\/winter_2010_01_14.jpg\" alt=\"Licht aus Schneeb\u00e4llen\" width=\"202\" height=\"270\"><\/td>\n<\/tr>\n<tr>\n<td width=\"50%\" align=\"center\"><font face=\"Lucida Grande, Lucida Sans Unicode, Verdana, sans-serif\" size=\"2\">Schneeiger Strauch<\/font><\/td>\n<td width=\"50%\" align=\"center\"><font face=\"Lucida Grande, Lucida Sans Unicode, Verdana, sans-serif\" size=\"2\">Licht aus Schneeb\u00e4llen<\/font><\/td>\n<\/tr>\n<tr>\n<td width=\"50%\" align=\"center\"><img loading=\"lazy\" border=\"0\" src=\"https:\/\/www.willizblog.de\/blogpicts\/winter_2010_01_15.jpg\" alt=\"Winterliche Stra\u00dfe in Tostedt\" width=\"202\" height=\"270\"><\/td>\n<td width=\"50%\" align=\"center\"><img loading=\"lazy\" border=\"0\" src=\"https:\/\/www.willizblog.de\/blogpicts\/winter_2010_01_16.jpg\" alt=\"Johannes-Kirche im T\u00f6ster Winter\" width=\"270\" height=\"203\"><\/td>\n<\/tr>\n<tr>\n<td width=\"50%\" align=\"center\"><font face=\"Lucida Grande, Lucida Sans Unicode, Verdana, sans-serif\" size=\"2\">Winterliche Stra\u00dfe in Tostedt<\/font><\/td>\n<td width=\"50%\" align=\"center\"><font face=\"Lucida Grande, Lucida Sans Unicode, Verdana, sans-serif\" size=\"2\">Johannes-Kirche im T\u00f6ster Winter<\/font><\/td>\n<\/tr>\n<\/table>\n","protected":false},"excerpt":{"rendered":"<p>Ja, das Wetter bleibt ein beliebtes Thema: Der gestrige Tag hat uns hier in Tostedt wieder jede Menge Schnee gebracht. Auch heute Morgen musste ich noch einmal mit dem Besen die Wege vom Schnee befeien. Aber bereits zu Mittag brach der Himmel auf und lie\u00df f\u00fcr einige Stunden sogar die Sonne hervorkommen. Da die Temperatur &hellip; <a href=\"https:\/\/willizblog.de\/?p=2655\" class=\"more-link\"><span class=\"screen-reader-text\">Winter in Tostedt<\/span> weiterlesen <span class=\"meta-nav\">&rarr;<\/span><\/a><\/p>\n","protected":false},"author":1,"featured_media":0,"comment_status":"open","ping_status":"open","sticky":false,"template":"","format":"standard","meta":[],"categories":[16,11],"tags":[],"_links":{"self":[{"href":"https:\/\/willizblog.de\/index.php?rest_route=\/wp\/v2\/posts\/2655"}],"collection":[{"href":"https:\/\/willizblog.de\/index.php?rest_route=\/wp\/v2\/posts"}],"about":[{"href":"https:\/\/willizblog.de\/index.php?rest_route=\/wp\/v2\/types\/post"}],"author":[{"embeddable":true,"href":"https:\/\/willizblog.de\/index.php?rest_route=\/wp\/v2\/users\/1"}],"replies":[{"embeddable":true,"href":"https:\/\/willizblog.de\/index.php?rest_route=%2Fwp%2Fv2%2Fcomments&post=2655"}],"version-history":[{"count":0,"href":"https:\/\/willizblog.de\/index.php?rest_route=\/wp\/v2\/posts\/2655\/revisions"}],"wp:attachment":[{"href":"https:\/\/willizblog.de\/index.php?rest_route=%2Fwp%2Fv2%2Fmedia&parent=2655"}],"wp:term":[{"taxonomy":"category","embeddable":true,"href":"https:\/\/willizblog.de\/index.php?rest_route=%2Fwp%2Fv2%2Fcategories&post=2655"},{"taxonomy":"post_tag","embeddable":true,"href":"https:\/\/willizblog.de\/index.php?rest_route=%2Fwp%2Fv2%2Ftags&post=2655"}],"curies":[{"name":"wp","href":"https:\/\/api.w.org\/{rel}","templated":true}]}}