{"id":267,"date":"2005-10-18T17:00:30","date_gmt":"2005-10-18T15:00:30","guid":{"rendered":"http:\/\/www.albinz.de\/blog\/?p=267"},"modified":"2005-10-20T09:00:38","modified_gmt":"2005-10-20T07:00:38","slug":"willkommen-im-club-der-hasslichen","status":"publish","type":"post","link":"https:\/\/willizblog.de\/?p=267","title":{"rendered":"Willkommen im Club &#8230; der H\u00e4sslichen"},"content":{"rendered":"<p>Die Initiatoren hielten die Zeit f\u00fcr reif, einen <a href=\"http:\/\/www.clubderhaesslichen.de\/\" target=\"_blank\">Club der H\u00e4sslichen<\/a> zu gr\u00fcnden, um endlich dem Sch\u00f6nheitswahn etwas entgegenhalten zu k\u00f6nnen. Wer ist nicht irgendwo selbst von sich \u00fcberzeugt, dem angeblichen Sch\u00f6nheitsideal unserer Zeit nicht ganz zu entsprechen. Es gibt immer etwas, was einem an einem nicht passt: die Nase zu gro\u00df oder die F\u00fc\u00dfe, Segelohren oder krumme Beine.<\/p>\n<ul><img src=\"http:\/\/www.clubderhaesslichen.de\/wp-content\/themes\/club-der-hasslichen\/bilder\/logo.gif\" alt=\"Club der H\u00e4sslichen - Nasenb\u00e4r als Logo\" \/><\/ul>\n<p>Es ist schon merkw\u00fcrdige, wer sich alles f\u00fcr h\u00e4sslich empfindet. Guckt man sich die Bildergalerie auf der Website des Clubs an, dann blickt man eigentlich nur in ganz normale Gesichter. Vielleicht nicht gerade super-sch\u00f6n, aber h\u00e4sslich?<\/p>\n<p>siehe auch: <a href=\"http:\/\/www.heute.de\/ZDFheute\/inhalt\/22\/0,3672,2384342,00.html\" target=\"_blank\">zdf.de<\/a><\/p>\n","protected":false},"excerpt":{"rendered":"<p>Die Initiatoren hielten die Zeit f\u00fcr reif, einen Club der H\u00e4sslichen zu gr\u00fcnden, um endlich dem Sch\u00f6nheitswahn etwas entgegenhalten zu k\u00f6nnen. Wer ist nicht irgendwo selbst von sich \u00fcberzeugt, dem angeblichen Sch\u00f6nheitsideal unserer Zeit nicht ganz zu entsprechen. Es gibt immer etwas, was einem an einem nicht passt: die Nase zu gro\u00df oder die F\u00fc\u00dfe, &hellip; <a href=\"https:\/\/willizblog.de\/?p=267\" class=\"more-link\"><span class=\"screen-reader-text\">Willkommen im Club &#8230; der H\u00e4sslichen<\/span> weiterlesen <span class=\"meta-nav\">&rarr;<\/span><\/a><\/p>\n","protected":false},"author":1,"featured_media":0,"comment_status":"closed","ping_status":"closed","sticky":false,"template":"","format":"standard","meta":[],"categories":[1],"tags":[],"_links":{"self":[{"href":"https:\/\/willizblog.de\/index.php?rest_route=\/wp\/v2\/posts\/267"}],"collection":[{"href":"https:\/\/willizblog.de\/index.php?rest_route=\/wp\/v2\/posts"}],"about":[{"href":"https:\/\/willizblog.de\/index.php?rest_route=\/wp\/v2\/types\/post"}],"author":[{"embeddable":true,"href":"https:\/\/willizblog.de\/index.php?rest_route=\/wp\/v2\/users\/1"}],"replies":[{"embeddable":true,"href":"https:\/\/willizblog.de\/index.php?rest_route=%2Fwp%2Fv2%2Fcomments&post=267"}],"version-history":[{"count":0,"href":"https:\/\/willizblog.de\/index.php?rest_route=\/wp\/v2\/posts\/267\/revisions"}],"wp:attachment":[{"href":"https:\/\/willizblog.de\/index.php?rest_route=%2Fwp%2Fv2%2Fmedia&parent=267"}],"wp:term":[{"taxonomy":"category","embeddable":true,"href":"https:\/\/willizblog.de\/index.php?rest_route=%2Fwp%2Fv2%2Fcategories&post=267"},{"taxonomy":"post_tag","embeddable":true,"href":"https:\/\/willizblog.de\/index.php?rest_route=%2Fwp%2Fv2%2Ftags&post=267"}],"curies":[{"name":"wp","href":"https:\/\/api.w.org\/{rel}","templated":true}]}}