{"id":2670,"date":"2010-02-02T11:50:18","date_gmt":"2010-02-02T10:50:18","guid":{"rendered":"http:\/\/www.willizblog.de\/?p=2670"},"modified":"2010-02-02T11:50:18","modified_gmt":"2010-02-02T10:50:18","slug":"funf-jahre-williz-blog","status":"publish","type":"post","link":"https:\/\/willizblog.de\/?p=2670","title":{"rendered":"F\u00fcnf Jahre WilliZ Blog"},"content":{"rendered":"<table cellspacing=\"0\" cellpadding=\"10\" width=\"100%\" bgcolor=\"#737d82\" border=\"0\">\n<tr>\n<td style=\"width: 50%\" align=\"center\">\n<a href=\"https:\/\/www.albinz.net\/wilfried\/\" target=\"_blank\"><img loading=\"lazy\" height=\"254\" alt=\"5 Jahre WilliZ Weblog\" src=\"https:\/\/www.albinz.net\/wilfried\/images\/williz2002.jpg\" width=\"185\" border=\"0\" \/><\/a><\/td>\n<td style=\"width: 50%\" align=\"center\"><font face=\"Lucida Grande, Lucida Sans Unicode, Verdana, sans-serif\" color=\"#ffcc66\" size=\"2\">Willkommen in WilliZ Blog. Seit f\u00fcnf Jahren f\u00fchre ich nun bereits dieses Weblog und staune selbst, wie die Zeit vergangen ist. <\/font><a href=\"https:\/\/www.willizblog.de\/?p=2\" target=\"_blank\"><font face=\"Lucida Grande, Lucida Sans Unicode, Verdana, sans-serif\" size=\"2\" color=\"#CCBAAD\">Aller Anfang<\/font><\/a><font face=\"Lucida Grande, Lucida Sans Unicode, Verdana, sans-serif\" color=\"#ffcc66\" size=\"2\"> war einmal schwer, und inzwischen kratzen <\/font><a href=\"https:\/\/www.willizblog.de\/?p=30\" target=\"_blank\"><font face=\"Lucida Grande, Lucida Sans Unicode, Verdana, sans-serif\" size=\"2\" color=\"#CCBAAD\">die Jahre<\/font><\/a><font face=\"Lucida Grande, Lucida Sans Unicode, Verdana, sans-serif\" color=\"#ffcc66\" size=\"2\"> am eigenen Lack. Oft erreichte ich dabei einen Punkt, da ich mich fragte, was das Ganze wohl soll, (fast) jeden Tag hier einen Beitrag abzuliefern. Aber es gibt eben Themen genug, die Anlass bieten, in die Tasten zu hauen. Und so bleibe ich halt bei der Stange, wie man sagt &#8230;<\/font><\/td>\n<\/tr>\n<tr>\n<td style=\"width: 50%\" align=\"center\"><font face=\"Lucida Grande, Lucida Sans Unicode, Verdana, sans-serif\" size=\"2\" color=\"#FFCC66\">Das F\u00fcnfj\u00e4hrige ist nat\u00fcrlich auch Anlass f\u00fcr mich, <\/font><font face=\"Lucida Grande, Lucida Sans Unicode, Verdana, sans-serif\" size=\"2\" color=\"#FFCC66\">Dank der treuen Lesergemeinschaft auszusprechen. Also auf ein Neues, wir lesen voneinander!<\/font><\/p>\n<p><a href=\"https:\/\/www.willizblog.de\/?page_id=1077\" target=\"_blank\"><font face=\"Lucida Grande, Lucida Sans Unicode, Verdana, sans-serif\" size=\"2\" color=\"#CCBAAD\">Euer Willi<\/font><\/a><\/p>\n<\/td>\n<td style=\"width: 50%\" align=\"center\"><img loading=\"lazy\" height=\"140\" alt=\"WilliZ kritischer Blick aufs Zeitgeschehen (2005 in Inverness\/Schottland)\" src=\"https:\/\/www.willizblog.de\/albpics\/willi_inverness.jpg\" width=\"120\" border=\"0\" \/><\/td>\n<\/tr>\n<\/table>\n","protected":false},"excerpt":{"rendered":"<p>Willkommen in WilliZ Blog. Seit f\u00fcnf Jahren f\u00fchre ich nun bereits dieses Weblog und staune selbst, wie die Zeit vergangen ist. Aller Anfang war einmal schwer, und inzwischen kratzen die Jahre am eigenen Lack. Oft erreichte ich dabei einen Punkt, da ich mich fragte, was das Ganze wohl soll, (fast) jeden Tag hier einen Beitrag &hellip; <a href=\"https:\/\/willizblog.de\/?p=2670\" class=\"more-link\"><span class=\"screen-reader-text\">F\u00fcnf Jahre WilliZ Blog<\/span> weiterlesen <span class=\"meta-nav\">&rarr;<\/span><\/a><\/p>\n","protected":false},"author":1,"featured_media":0,"comment_status":"open","ping_status":"open","sticky":false,"template":"","format":"standard","meta":[],"categories":[8],"tags":[],"_links":{"self":[{"href":"https:\/\/willizblog.de\/index.php?rest_route=\/wp\/v2\/posts\/2670"}],"collection":[{"href":"https:\/\/willizblog.de\/index.php?rest_route=\/wp\/v2\/posts"}],"about":[{"href":"https:\/\/willizblog.de\/index.php?rest_route=\/wp\/v2\/types\/post"}],"author":[{"embeddable":true,"href":"https:\/\/willizblog.de\/index.php?rest_route=\/wp\/v2\/users\/1"}],"replies":[{"embeddable":true,"href":"https:\/\/willizblog.de\/index.php?rest_route=%2Fwp%2Fv2%2Fcomments&post=2670"}],"version-history":[{"count":0,"href":"https:\/\/willizblog.de\/index.php?rest_route=\/wp\/v2\/posts\/2670\/revisions"}],"wp:attachment":[{"href":"https:\/\/willizblog.de\/index.php?rest_route=%2Fwp%2Fv2%2Fmedia&parent=2670"}],"wp:term":[{"taxonomy":"category","embeddable":true,"href":"https:\/\/willizblog.de\/index.php?rest_route=%2Fwp%2Fv2%2Fcategories&post=2670"},{"taxonomy":"post_tag","embeddable":true,"href":"https:\/\/willizblog.de\/index.php?rest_route=%2Fwp%2Fv2%2Ftags&post=2670"}],"curies":[{"name":"wp","href":"https:\/\/api.w.org\/{rel}","templated":true}]}}