{"id":2691,"date":"2010-02-08T07:34:07","date_gmt":"2010-02-08T06:34:07","guid":{"rendered":"http:\/\/www.willizblog.de\/?p=2691"},"modified":"2010-02-08T07:34:07","modified_gmt":"2010-02-08T06:34:07","slug":"gunther-kann-alles-auser","status":"publish","type":"post","link":"https:\/\/willizblog.de\/?p=2691","title":{"rendered":"G\u00fcnther kann alles, au\u00dfer &#8230;"},"content":{"rendered":"<p>In Baden-W\u00fcrttemberg kann man bekanntlich alles, au\u00dfer Hochdeutsch &#8230; Nachdem sich bereits unser noch ziemlich neue Au\u00dfenminister, der <a href=\"https:\/\/www.willizblog.de\/?p=2308\" target=\"_blank\">Guido Westerwelle<\/a>, als wenig gl\u00e4nzende Englischsprechkoryph\u00e4e pr\u00e4sentiert hat, beweist auch <a href=\"https:\/\/de.wikipedia.org\/wiki\/G%C3%BCnther_Oettinger\" target=\"_blank\">G\u00fcnther Oettinger<\/a>, seines Zeichen Ministerpr\u00e4sident des Landes Baden-W\u00fcrttemberg und nominiertes Mitglied der Europ\u00e4ischen Kommission (<a href=\"https:\/\/de.wikipedia.org\/wiki\/Kommission_Barroso_II\" target=\"_blank\">Kommission Barroso II<\/a>) \u2013 dank Frau Merkel aus Stuttgart nach Br\u00fcssel weggelobt -, das Englisch nicht jedermanns Sache ist. Peinlich dabei ist, dass er zuvor immer wieder gefordert hat, Englisch m\u00fcsse die Arbeitssprache werden (\u201eDeutsch bleibt die Sprache der Familie und der Freizeit, die Sprache, in der man Privates liest\u201c). Oettinger ist jetzt also die Sprache Deutschlands in Europa? Danke, Frau Merkel: Schlimmer geht\u2019s nimmer (oder doch?)!\u201c<\/p>\n<p><object width=\"425\" height=\"344\"><param name=\"movie\" value=\"https:\/\/www.youtube.com\/v\/vSB3sos3pME&#038;hl=de_DE&#038;fs=1&#038;\"><\/param><param name=\"allowFullScreen\" value=\"true\"><\/param><param name=\"allowscriptaccess\" value=\"always\"><\/param><embed src=\"https:\/\/www.youtube.com\/v\/vSB3sos3pME&#038;hl=de_DE&#038;fs=1&#038;\" type=\"application\/x-shockwave-flash\" allowscriptaccess=\"always\" allowfullscreen=\"true\" width=\"425\" height=\"344\"><\/embed><\/object><br \/>\nOettinger talking English<\/p>\n","protected":false},"excerpt":{"rendered":"<p>In Baden-W\u00fcrttemberg kann man bekanntlich alles, au\u00dfer Hochdeutsch &#8230; Nachdem sich bereits unser noch ziemlich neue Au\u00dfenminister, der Guido Westerwelle, als wenig gl\u00e4nzende Englischsprechkoryph\u00e4e pr\u00e4sentiert hat, beweist auch G\u00fcnther Oettinger, seines Zeichen Ministerpr\u00e4sident des Landes Baden-W\u00fcrttemberg und nominiertes Mitglied der Europ\u00e4ischen Kommission (Kommission Barroso II) \u2013 dank Frau Merkel aus Stuttgart nach Br\u00fcssel weggelobt -, &hellip; <a href=\"https:\/\/willizblog.de\/?p=2691\" class=\"more-link\"><span class=\"screen-reader-text\">G\u00fcnther kann alles, au\u00dfer &#8230;<\/span> weiterlesen <span class=\"meta-nav\">&rarr;<\/span><\/a><\/p>\n","protected":false},"author":1,"featured_media":0,"comment_status":"open","ping_status":"open","sticky":false,"template":"","format":"standard","meta":[],"categories":[12,2],"tags":[],"_links":{"self":[{"href":"https:\/\/willizblog.de\/index.php?rest_route=\/wp\/v2\/posts\/2691"}],"collection":[{"href":"https:\/\/willizblog.de\/index.php?rest_route=\/wp\/v2\/posts"}],"about":[{"href":"https:\/\/willizblog.de\/index.php?rest_route=\/wp\/v2\/types\/post"}],"author":[{"embeddable":true,"href":"https:\/\/willizblog.de\/index.php?rest_route=\/wp\/v2\/users\/1"}],"replies":[{"embeddable":true,"href":"https:\/\/willizblog.de\/index.php?rest_route=%2Fwp%2Fv2%2Fcomments&post=2691"}],"version-history":[{"count":0,"href":"https:\/\/willizblog.de\/index.php?rest_route=\/wp\/v2\/posts\/2691\/revisions"}],"wp:attachment":[{"href":"https:\/\/willizblog.de\/index.php?rest_route=%2Fwp%2Fv2%2Fmedia&parent=2691"}],"wp:term":[{"taxonomy":"category","embeddable":true,"href":"https:\/\/willizblog.de\/index.php?rest_route=%2Fwp%2Fv2%2Fcategories&post=2691"},{"taxonomy":"post_tag","embeddable":true,"href":"https:\/\/willizblog.de\/index.php?rest_route=%2Fwp%2Fv2%2Ftags&post=2691"}],"curies":[{"name":"wp","href":"https:\/\/api.w.org\/{rel}","templated":true}]}}