{"id":2708,"date":"2010-02-13T14:10:32","date_gmt":"2010-02-13T13:10:32","guid":{"rendered":"http:\/\/www.willizblog.de\/?p=2708"},"modified":"2010-02-13T14:14:48","modified_gmt":"2010-02-13T13:14:48","slug":"tod-im-eiskanal","status":"publish","type":"post","link":"https:\/\/willizblog.de\/?p=2708","title":{"rendered":"Tod im Eiskanal"},"content":{"rendered":"<p>Der Beginn der Olympischen Winterspiele in Vancouver wird \u00fcberschattet von einem <a href=\"http:\/\/olympia.zdf.de\/ZDFsport\/inhalt\/27\/0,5676,8033051,00.html\" target=\"_blank\">t\u00f6dlichen Unfall<\/a> im Wettbewerb der M\u00e4nner beim Rodeln. Noch vor den <a href=\"http:\/\/olympia.ard.de\/olympia\/mediabox\/videos\/videos102_id-video592_-7c5266bcf24dabdb5e50df5623ee593b9b0d509c.html\" target=\"_blank\">Er\u00f6ffnungsfeierlichkeiten<\/a> raste der erst 21-j\u00e4hrigen Georgier Nodar Kumaritaschwili in der Zielkurve mit einer Geschwindigkeit von 144,3 km\/h durch die Eisrinne, verlor die Kontrolle \u00fcber seinen Schlitten und wurde aus der Bahn katapultiert. T\u00f6dlich war f\u00fcr den Georgier, dass er mit voller Wucht gegen einen ungesicherten Stahltr\u00e4ger prallte.<\/p>\n<p>Schon vor dem fatalen <a href=\"http:\/\/www.zdf.de\/ZDFmediathek\/content\/970910\" target=\"_blank\">Sturz von Nodar Kumaritaschwili<\/a> war der Eiskanal in Whistler <a href=\"http:\/\/www.zdf.de\/ZDFmediathek\/content\/970452\" target=\"_blank\">als zu schnell und zu gef\u00e4hrlich kritisiert<\/a> worden. Nun hat die Hatz nach immer h\u00f6heren Geschwindigkeiten ein Todesopfer gefordert.<\/p>\n<p><img src=\"https:\/\/www.willizblog.de\/blogpicts\/rodeln_sturz_armin_zoeggeler.jpg\" alt=\"Sturz beim Rennrodeln: Armin Z\u00f6ggeler\" \/><\/p>\n<p>Die Gef\u00e4hrlichkeit der Bahn wurde schon wenige Minuten vor dem Ungl\u00fcck offenbar. Die italienische Rodel-Legende Armin Z\u00f6ggeler war trotz seiner Ausnahmeklasse und seiner immensen Erfahrung kurz vor Kumaritaschwili aus seinem Schlitten geflogen. Mit blassem Gesicht stapfte der Olympiasieger und neunfache Gewinner des Gesamtweltcups an den wartenden Journalisten vorbei, verbat sich mit \u00e4ngstlichem Gesicht jeglichen Kommentar. Der f\u00fcr seine Konsequenz bekannte Bob-Olympiasieger Andre Lange war im vergangenen Jahr die Whistler-Bahn erst gar nicht hinuntergefahren, weil es ihm zu gef\u00e4hrlich war.<\/p>\n<p>Wenn nicht wesentliche \u00c4nderungen an der Bahn vorgenommen werden, dann sollte man im Interesse der Sportler auf die Wettbewerbe sowohl im Rodeln als auch beim Bob und Skeleton verzichten. Selbst erfahrene Sportler wie der US-Rodlers Tony Benshoof sagen: &#8222;Dieser schreckliche Unfall \u00fcberrascht mich nicht. Trotz meiner Erfahrung habe ich jedes Mal gro\u00dfe Angst, wenn ich in diesen Eiskanal muss.&#8220;<\/p>\n<p>Nun die ersten beiden Rennl\u00e4ufe im Rodeln der M\u00e4nner sollen am Samstagabend um 17 Uhr (02:00 Uhr MEZ) gestartet werden. Die beiden Finall\u00e4ufe folgen am Sonntag. Zuvor w\u00fcrden aber noch <a href=\"http:\/\/olympia.ard.de\/olympia\/sportarten\/rodeln\/rodelnunfallkumaritaschwili100.html\" target=\"_blank\">Umbauten an der Bahn<\/a> vorgenommen. Die Mauern an der Ausfahrt der Unfall-Kurve 16 sollen erh\u00f6ht und das Eis-Profil ver\u00e4ndert werden. Kann nur gehofft werden, dass kein weiterer so tragischer Unfall passiert.<\/p>\n<p><a href=\"http:\/\/olympia.ard.de\/olympia\/mediabox\/videos\/videos102_id-video590_-ab5c097da8b3dc6d8eeb9b51caacf7cb1b3873d9.html\" target=\"_blank\"><strong>Er\u00f6ffnungsfeier Teil 1<\/strong><\/a><br \/>\n<a href=\"http:\/\/olympia.ard.de\/olympia\/mediabox\/videos\/videos102_id-video586_-02d017b53ccab34ee89e09bf2a84760ed671c9f2.html\" target=\"_blank\"><strong>Er\u00f6ffnungsfeier Teil 2<\/strong><\/a><br \/>\n<a href=\"http:\/\/olympia.ard.de\/olympia\/mediabox\/videos\/videos102_id-video588_-12c60a3cb3c8e025f4477cef6110a98600c5abf9.html\" target=\"_blank\"><strong>Er\u00f6ffnungsfeier Teil 3<\/strong><\/a><\/p>\n","protected":false},"excerpt":{"rendered":"<p>Der Beginn der Olympischen Winterspiele in Vancouver wird \u00fcberschattet von einem t\u00f6dlichen Unfall im Wettbewerb der M\u00e4nner beim Rodeln. Noch vor den Er\u00f6ffnungsfeierlichkeiten raste der erst 21-j\u00e4hrigen Georgier Nodar Kumaritaschwili in der Zielkurve mit einer Geschwindigkeit von 144,3 km\/h durch die Eisrinne, verlor die Kontrolle \u00fcber seinen Schlitten und wurde aus der Bahn katapultiert. T\u00f6dlich &hellip; <a href=\"https:\/\/willizblog.de\/?p=2708\" class=\"more-link\"><span class=\"screen-reader-text\">Tod im Eiskanal<\/span> weiterlesen <span class=\"meta-nav\">&rarr;<\/span><\/a><\/p>\n","protected":false},"author":1,"featured_media":0,"comment_status":"open","ping_status":"open","sticky":false,"template":"","format":"standard","meta":[],"categories":[38],"tags":[],"_links":{"self":[{"href":"https:\/\/willizblog.de\/index.php?rest_route=\/wp\/v2\/posts\/2708"}],"collection":[{"href":"https:\/\/willizblog.de\/index.php?rest_route=\/wp\/v2\/posts"}],"about":[{"href":"https:\/\/willizblog.de\/index.php?rest_route=\/wp\/v2\/types\/post"}],"author":[{"embeddable":true,"href":"https:\/\/willizblog.de\/index.php?rest_route=\/wp\/v2\/users\/1"}],"replies":[{"embeddable":true,"href":"https:\/\/willizblog.de\/index.php?rest_route=%2Fwp%2Fv2%2Fcomments&post=2708"}],"version-history":[{"count":0,"href":"https:\/\/willizblog.de\/index.php?rest_route=\/wp\/v2\/posts\/2708\/revisions"}],"wp:attachment":[{"href":"https:\/\/willizblog.de\/index.php?rest_route=%2Fwp%2Fv2%2Fmedia&parent=2708"}],"wp:term":[{"taxonomy":"category","embeddable":true,"href":"https:\/\/willizblog.de\/index.php?rest_route=%2Fwp%2Fv2%2Fcategories&post=2708"},{"taxonomy":"post_tag","embeddable":true,"href":"https:\/\/willizblog.de\/index.php?rest_route=%2Fwp%2Fv2%2Ftags&post=2708"}],"curies":[{"name":"wp","href":"https:\/\/api.w.org\/{rel}","templated":true}]}}