{"id":2714,"date":"2010-02-14T16:30:36","date_gmt":"2010-02-14T15:30:36","guid":{"rendered":"http:\/\/www.willizblog.de\/?p=2714"},"modified":"2010-02-14T16:30:36","modified_gmt":"2010-02-14T15:30:36","slug":"georg-friedrich-handel-der-messias","status":"publish","type":"post","link":"https:\/\/willizblog.de\/?p=2714","title":{"rendered":"Georg Friedrich H\u00e4ndel: Der Messias"},"content":{"rendered":"<p>Es war Otto, unser Nachbar und pensionierter Pastor (<a href=\"https:\/\/www.willizblog.de\/?p=2369\" target=\"_blank\">\u201eOtto find ich gut!\u201c<\/a>), der uns die Karten \u00fcberlie\u00df. Er hatte Freunde eingeladen, die aber wegen der Wetterlage nicht nach Tostedt kommen konnten. Und bevor die Karten verfielen, fragte es uns, ob wir Interesse an dem Konzert h\u00e4tten. Ich wei\u00df gar nicht, wann ich zuletzt in einem Konzert mit klassischer Musik war. Von <a href=\"https:\/\/de.wikipedia.org\/wiki\/Georg_Friedrich_H%C3%A4ndel\" target=\"_blank\">H\u00e4ndel<\/a> haben wir einige Schallplatten (<a href=\"https:\/\/de.wikipedia.org\/wiki\/Wassermusik_(H%C3%A4ndel)\" target=\"_blank\">Wassermusik<\/a> und die <a href=\"https:\/\/de.wikipedia.org\/wiki\/Feuerwerksmusik\" target=\"_blank\">Feuerwerksmusik<\/a>), sodass meine Frau und ich sehr gern einmal H\u00e4ndels Oratorium <a href=\"https:\/\/de.wikipedia.org\/wiki\/Messiah\" target=\"_blank\">\u201eDer Messias\u201c<\/a> sehen und h\u00f6ren wollten.<\/p>\n<p>So waren wir, meine Frau und ich, gestern Abend also in der Johanneskirche zu Tostedt, um <a href=\"http:\/\/www.abendblatt.de\/region\/harburg\/article1380140\/Haendels-Messias-in-St-Johannis.html\" target=\"_blank\">H\u00e4ndels Messias<\/a> in einer gek\u00fcrzten Fassung (die Auff\u00fchrung beschr\u00e4nkte sich auf die Teile 1 und 2 von drei Teilen) zu lauschen. Vorgetragen wurde das Werk von dem <a href=\"http:\/\/www.bach-woche.de\/6.html\" target=\"_blank\">L\u00fcneburger Bachorchester<\/a> und der <a href=\"http:\/\/www.kirche-tostedt.de\/tostedt\/kirchenmusik\/johanneskantorei.html\" target=\"_blank\">Johanneskantorei Tostedt<\/a> (u.a. mit Otto als kraftvollem Bariton) \u2013 unter der Leitung von Wiebke Corleis, Kantorin resp. Kreiskantorin aus Tostedt. Als Solisten wirken mit: <a href=\"http:\/\/www.ilse-christine-otto.de\/\" target=\"_blank\">Ilse-Christine Otto<\/a> (Sopran), <a href=\"http:\/\/www.facebook.com\/people\/Tiina-Zahn\/597238158\" target=\"_blank\">Tiina Zahn<\/a> (Alt), <a href=\"http:\/\/www.bach-cantatas.com\/Bio\/Gerdes-Sven-Olaf.htm\" target=\"_blank\">Sven Olaf Gerdes<\/a> (Tenor) und <a href=\"http:\/\/www.konstantinheintel.de\/index.html\" target=\"_blank\">Konstantin Heintel<\/a> (Bass).<\/p>\n<p>Es ist schon beeindruckend, ein solches Werk live und unter den besonderen akustischen Bedingungen einer Kirche zu h\u00f6ren. Besonders die Einzelstimmen kamen zu besonderer Geltung. Lediglich bei den <a href=\"https:\/\/de.wikipedia.org\/wiki\/Koloratur\" target=\"_blank\">Koloraturen<\/a> in den <a href=\"https:\/\/de.wikipedia.org\/wiki\/Arie\" target=\"_blank\">Arien<\/a> offenbarten sich bei allen vier S\u00e4ngern und S\u00e4ngerinnen leichte Schw\u00e4chen, die aber den Gesamteindruck in keiner Weise schm\u00e4lerten: Der nicht enden wollende Applaus am Schluss belohnte eine wunderbare musikalische Leistung, die im Chorwerk \u201eHalleluja\u201c \u2013 auch mit Pauken und Trompeten \u2013 seinen H\u00f6hepunkt und Abschluss fand.<\/p>\n<p><object width=\"425\" height=\"344\"><param name=\"movie\" value=\"https:\/\/www.youtube.com\/v\/m3gd6uCD2FM&#038;hl=de_DE&#038;fs=1&#038;\"><\/param><param name=\"allowFullScreen\" value=\"true\"><\/param><param name=\"allowscriptaccess\" value=\"always\"><\/param><embed src=\"https:\/\/www.youtube.com\/v\/m3gd6uCD2FM&#038;hl=de_DE&#038;fs=1&#038;\" type=\"application\/x-shockwave-flash\" allowscriptaccess=\"always\" allowfullscreen=\"true\" width=\"425\" height=\"344\"><\/embed><\/object><br \/>\nG. F. Handel &#8211; Messiah &#8211; Halleluja &#8211; Karl Richter<\/p>\n<p>F\u00fcr meine Frau und mich war das ein wundersch\u00f6ner Abend, der Anlass sein wird, \u00f6fter einmal ein Konzert zu besuchen \u2013 so sicherlich demn\u00e4chst wieder in der Johanneskirche Tostedt \u2013 27. M\u00e4rz 2010, 20 Uhr: \u201eEurop\u00e4ische Lautenmeister und die Botschaft des Himmels\u201c \u2013 <a href=\"http:\/\/www.mylutedelight.com\/\" target=\"_blank\">Sigurd Schmidt, Laute<\/a><\/p>\n","protected":false},"excerpt":{"rendered":"<p>Es war Otto, unser Nachbar und pensionierter Pastor (\u201eOtto find ich gut!\u201c), der uns die Karten \u00fcberlie\u00df. Er hatte Freunde eingeladen, die aber wegen der Wetterlage nicht nach Tostedt kommen konnten. Und bevor die Karten verfielen, fragte es uns, ob wir Interesse an dem Konzert h\u00e4tten. Ich wei\u00df gar nicht, wann ich zuletzt in einem &hellip; <a href=\"https:\/\/willizblog.de\/?p=2714\" class=\"more-link\"><span class=\"screen-reader-text\">Georg Friedrich H\u00e4ndel: Der Messias<\/span> weiterlesen <span class=\"meta-nav\">&rarr;<\/span><\/a><\/p>\n","protected":false},"author":1,"featured_media":0,"comment_status":"open","ping_status":"open","sticky":false,"template":"","format":"standard","meta":[],"categories":[5,11],"tags":[],"_links":{"self":[{"href":"https:\/\/willizblog.de\/index.php?rest_route=\/wp\/v2\/posts\/2714"}],"collection":[{"href":"https:\/\/willizblog.de\/index.php?rest_route=\/wp\/v2\/posts"}],"about":[{"href":"https:\/\/willizblog.de\/index.php?rest_route=\/wp\/v2\/types\/post"}],"author":[{"embeddable":true,"href":"https:\/\/willizblog.de\/index.php?rest_route=\/wp\/v2\/users\/1"}],"replies":[{"embeddable":true,"href":"https:\/\/willizblog.de\/index.php?rest_route=%2Fwp%2Fv2%2Fcomments&post=2714"}],"version-history":[{"count":0,"href":"https:\/\/willizblog.de\/index.php?rest_route=\/wp\/v2\/posts\/2714\/revisions"}],"wp:attachment":[{"href":"https:\/\/willizblog.de\/index.php?rest_route=%2Fwp%2Fv2%2Fmedia&parent=2714"}],"wp:term":[{"taxonomy":"category","embeddable":true,"href":"https:\/\/willizblog.de\/index.php?rest_route=%2Fwp%2Fv2%2Fcategories&post=2714"},{"taxonomy":"post_tag","embeddable":true,"href":"https:\/\/willizblog.de\/index.php?rest_route=%2Fwp%2Fv2%2Ftags&post=2714"}],"curies":[{"name":"wp","href":"https:\/\/api.w.org\/{rel}","templated":true}]}}