{"id":2728,"date":"2010-02-17T16:25:28","date_gmt":"2010-02-17T15:25:28","guid":{"rendered":"http:\/\/www.willizblog.de\/?p=2728"},"modified":"2010-02-18T10:53:09","modified_gmt":"2010-02-18T09:53:09","slug":"gold-und-silber-hatt-ich-gern","status":"publish","type":"post","link":"https:\/\/willizblog.de\/?p=2728","title":{"rendered":"Gold und Silber h\u00e4tt ich gern &#8230;"},"content":{"rendered":"<p>Nach dem tragischen Unfall eines Rodlers beim Training (<a href=\"https:\/\/www.willizblog.de\/?p=2708\" target=\"_blank\">Tod im Eiskanal<\/a>) wurde bei den olympischen Winterspielen im kanadischen Vancouver der Start f\u00fcr die Rodelwettbewerbe nach unten verlegt und damit die Laufstrecke verk\u00fcrzt. Trotzdem wurden im Zielbereich Spitzengeschwindigkeiten von teilweise \u00fcber 135 km\/h erreicht. Die Einzelwettk\u00e4mpfe sind abgeschlossen \u2013 und die deutsche Mannschaft konnte beide Goldmedaillen durch Felix Loch und Tatjana H\u00fcfner gewinnen. Zudem noch eine silberne und Bronzemedaille. Bei dem Doppelsitzern \u2013 der finale zweite Lauf bei den M\u00e4nnern findet heute (bzw. bei uns morgen ab 3 Uhr 30) statt \u2013 gibt es auch gute Chancen auf Edelmetall.<\/p>\n<p>Ebenfalls Gold gab es f\u00fcr die deutsche Ausnahme-Biathletin Magdalena Neuner, die sich im Sprint \u00fcber 7,5 km nur knapp der f\u00fcr die Slowakei startende Anastasia Kuzmina geschlagen geben musste, daf\u00fcr aber das Verfolgungsrennen \u00fcber 10 km gewann.<\/p>\n<p><img src=\"https:\/\/www.willizblog.de\/blogpicts\/vancouver2010.jpg\" alt=\"Winterolympiade Vancouver 2010\" \/><\/p>\n<p>Nach 21 von 86 Entscheidungen bei Olympia in Vancouver f\u00fchrt die deutsche Mannschaft nach nun f\u00fcnf Tagen mit bisher 9 Medaillen sogar die <a href=\"http:\/\/olympia.zdf.de\/ZDFsport\/inhalt\/15\/0,5676,8033519,00.html\" target=\"_blank\">Gesamtwertung<\/a> an.<\/p>\n<p>Vom Wetter ziemlich verweht sind die Wettbewerbe in <a href=\"https:\/\/de.wikipedia.org\/wiki\/Whistler_(British_Columbia)\" target=\"_blank\">Whistler<\/a>. Besonders der Sprint bei den Biathleten fand bei Dauerregen und dadurch aufgeweichten Loipen unter irregul\u00e4ren Verh\u00e4ltnissen statt. Und bei den alpinen Wettk\u00e4mpfen konnte bisher nur der Abfahrtslauf bei den Herren durchgef\u00fchrt werden. Der <a href=\"http:\/\/www.zdf.de\/ZDFmediathek\/content\/954122\" target=\"_blank\">Wetter-Wahnsinn<\/a> in <a href=\"http:\/\/www.wetter.com\/kanada\/whistler_mountain_high_level_bc\/wetterstation\/CAXXX0494.html\" target=\"_blank\">Whistler<\/a> hat weiterhin kein Ende.<\/p>\n","protected":false},"excerpt":{"rendered":"<p>Nach dem tragischen Unfall eines Rodlers beim Training (Tod im Eiskanal) wurde bei den olympischen Winterspielen im kanadischen Vancouver der Start f\u00fcr die Rodelwettbewerbe nach unten verlegt und damit die Laufstrecke verk\u00fcrzt. Trotzdem wurden im Zielbereich Spitzengeschwindigkeiten von teilweise \u00fcber 135 km\/h erreicht. Die Einzelwettk\u00e4mpfe sind abgeschlossen \u2013 und die deutsche Mannschaft konnte beide Goldmedaillen &hellip; <a href=\"https:\/\/willizblog.de\/?p=2728\" class=\"more-link\"><span class=\"screen-reader-text\">Gold und Silber h\u00e4tt ich gern &#8230;<\/span> weiterlesen <span class=\"meta-nav\">&rarr;<\/span><\/a><\/p>\n","protected":false},"author":1,"featured_media":0,"comment_status":"open","ping_status":"open","sticky":false,"template":"","format":"standard","meta":[],"categories":[38],"tags":[],"_links":{"self":[{"href":"https:\/\/willizblog.de\/index.php?rest_route=\/wp\/v2\/posts\/2728"}],"collection":[{"href":"https:\/\/willizblog.de\/index.php?rest_route=\/wp\/v2\/posts"}],"about":[{"href":"https:\/\/willizblog.de\/index.php?rest_route=\/wp\/v2\/types\/post"}],"author":[{"embeddable":true,"href":"https:\/\/willizblog.de\/index.php?rest_route=\/wp\/v2\/users\/1"}],"replies":[{"embeddable":true,"href":"https:\/\/willizblog.de\/index.php?rest_route=%2Fwp%2Fv2%2Fcomments&post=2728"}],"version-history":[{"count":0,"href":"https:\/\/willizblog.de\/index.php?rest_route=\/wp\/v2\/posts\/2728\/revisions"}],"wp:attachment":[{"href":"https:\/\/willizblog.de\/index.php?rest_route=%2Fwp%2Fv2%2Fmedia&parent=2728"}],"wp:term":[{"taxonomy":"category","embeddable":true,"href":"https:\/\/willizblog.de\/index.php?rest_route=%2Fwp%2Fv2%2Fcategories&post=2728"},{"taxonomy":"post_tag","embeddable":true,"href":"https:\/\/willizblog.de\/index.php?rest_route=%2Fwp%2Fv2%2Ftags&post=2728"}],"curies":[{"name":"wp","href":"https:\/\/api.w.org\/{rel}","templated":true}]}}