{"id":273,"date":"2005-10-24T09:40:31","date_gmt":"2005-10-24T07:40:31","guid":{"rendered":"http:\/\/www.albinz.de\/blog\/?p=273"},"modified":"2005-10-21T09:41:11","modified_gmt":"2005-10-21T07:41:11","slug":"der-idiot-kommissar-graue-fall-6","status":"publish","type":"post","link":"https:\/\/willizblog.de\/?p=273","title":{"rendered":"Der Idiot &#8211; Kommissar Graue &#8211; Fall 6"},"content":{"rendered":"<p>Und es geht weiter: Kommissar Graue fand auch im Urlaub keine Ruhe. Immer die Sp\u00fcrnase vorgestreckt, um auch nicht das kleinste Verbrechen durchgehen zu lassen. Aber lest selbst:<\/p>\n<p>Der Idiot &#8211; Jg. 2 Nr. 6 (9) Juni 1970: Kommissar Graue &#8211; Fall 6: Im Hochgebirge<\/p>\n<p><em>Da unser Freund wie bekannt ein guter Kriminalist ist, kann er seinen Urlaub nicht f\u00fcrs Hobby oder f\u00fcrs Reisen benutzen. Er fuhr also ins Hochgebirge und entdeckte, da\u00df es ziemlich hoch ist. Auch ersp\u00e4hte sein geschultes Auge sofort, da\u00df in dem Ort, wo er seine Ferien (zu) verbringen gedachte, ein Hotel war. Er nahm sich ein Zimmer mit Bett und Decke, und er machte seinen ersten Rundgang ums Dorf, wobei er feststellte, da\u00df das Dorf doch ziemlich gro\u00df war; es war sozusagen eine Stadt. In dem Stadtbl\u00e4ttchen las er, da\u00df gemeine Kerle die Statdbank auf den Kopf gestellt hatten. Er lie\u00df sofort s\u00e4mtliche Abteilungen der Polizei arbeiten und kl\u00e4rte den Fall auf. Es wurde ferstgestellt, da\u00df die Bank ganz von selbst umgefallen ist. Sie hatte n\u00e4mlich nur drei Beine. Produktionsfehler hie\u00df es! <\/em><\/p>\n","protected":false},"excerpt":{"rendered":"<p>Und es geht weiter: Kommissar Graue fand auch im Urlaub keine Ruhe. Immer die Sp\u00fcrnase vorgestreckt, um auch nicht das kleinste Verbrechen durchgehen zu lassen. Aber lest selbst: Der Idiot &#8211; Jg. 2 Nr. 6 (9) Juni 1970: Kommissar Graue &#8211; Fall 6: Im Hochgebirge Da unser Freund wie bekannt ein guter Kriminalist ist, kann &hellip; <a href=\"https:\/\/willizblog.de\/?p=273\" class=\"more-link\"><span class=\"screen-reader-text\">Der Idiot &#8211; Kommissar Graue &#8211; Fall 6<\/span> weiterlesen <span class=\"meta-nav\">&rarr;<\/span><\/a><\/p>\n","protected":false},"author":1,"featured_media":0,"comment_status":"closed","ping_status":"closed","sticky":false,"template":"","format":"standard","meta":[],"categories":[23],"tags":[],"_links":{"self":[{"href":"https:\/\/willizblog.de\/index.php?rest_route=\/wp\/v2\/posts\/273"}],"collection":[{"href":"https:\/\/willizblog.de\/index.php?rest_route=\/wp\/v2\/posts"}],"about":[{"href":"https:\/\/willizblog.de\/index.php?rest_route=\/wp\/v2\/types\/post"}],"author":[{"embeddable":true,"href":"https:\/\/willizblog.de\/index.php?rest_route=\/wp\/v2\/users\/1"}],"replies":[{"embeddable":true,"href":"https:\/\/willizblog.de\/index.php?rest_route=%2Fwp%2Fv2%2Fcomments&post=273"}],"version-history":[{"count":0,"href":"https:\/\/willizblog.de\/index.php?rest_route=\/wp\/v2\/posts\/273\/revisions"}],"wp:attachment":[{"href":"https:\/\/willizblog.de\/index.php?rest_route=%2Fwp%2Fv2%2Fmedia&parent=273"}],"wp:term":[{"taxonomy":"category","embeddable":true,"href":"https:\/\/willizblog.de\/index.php?rest_route=%2Fwp%2Fv2%2Fcategories&post=273"},{"taxonomy":"post_tag","embeddable":true,"href":"https:\/\/willizblog.de\/index.php?rest_route=%2Fwp%2Fv2%2Ftags&post=273"}],"curies":[{"name":"wp","href":"https:\/\/api.w.org\/{rel}","templated":true}]}}