{"id":274,"date":"2005-10-22T13:54:19","date_gmt":"2005-10-22T11:54:19","guid":{"rendered":"http:\/\/www.albinz.de\/blog\/?p=274"},"modified":"2005-10-22T13:55:50","modified_gmt":"2005-10-22T11:55:50","slug":"netzwerkparty-bei-albinz","status":"publish","type":"post","link":"https:\/\/willizblog.de\/?p=274","title":{"rendered":"Netzwerkparty bei AlbinZ"},"content":{"rendered":"<p>Zu seinem 12. Geburtstag w\u00fcnschte sich mein Sohn Lukas in unserem Keller eine Netzwerkparty, kurz &#8218;Netze&#8216; genannt. Also wurden seine besten Kumpel eingeladen und gestern ging es los. Sechs Rechner mit Netzwerkkarten (LAN-Karten) mussten an einen LAN-Switch angeschlossen und in der Systemsteuerung die Einstellungen f\u00fcr Netzwerkverbindungen gepr\u00fcft bzw. ge\u00e4ndert werden (Internetprotokoll TCP\/IP mit einer festen IP-Adresse einstellen &#8211; man kann nat\u00fcrlich auch einen Router nehmen, der gleichzeitig als DHCP-Server fungiert, d.h. er vergibt IP-Adressen). Mein gro\u00dfer Sohn Jan zeigte seine Kenntnisse als Systemadministrator.<\/p>\n<table border=\"0\" cellpadding=\"2\" cellspacing=\"0\" width=\"100%\">\n<tr>\n<td width=\"50%\" align=\"center\"><img loading=\"lazy\" border=\"0\" src=\"https:\/\/www.albinz.net\/picts\/lukas_netze2005_01.jpg\" alt=\"Lukas' Netzwerkparty mit Dennis, Michael und Zoltan\" width=\"300\" height=\"201\"><\/td>\n<td width=\"50%\" align=\"center\"><img loading=\"lazy\" border=\"0\" src=\"https:\/\/www.albinz.net\/picts\/lukas_netze2005_02.jpg\" alt=\"Christopher, Michael, Dennis, Lukas, Jan und Zoltan\" width=\"300\" height=\"201\"><\/td>\n<\/tr>\n<tr>\n<td width=\"50%\" align=\"center\"><font face=\"Lucida Grande, Lucida Sans Unicode, Verdana, sans-serif\" size=\"2\">Lukas&#8216; Netzwerkparty mit Dennis, Michael und Zoltan<\/font><\/td>\n<td width=\"50%\" align=\"center\"><font face=\"Lucida Grande, Lucida Sans Unicode, Verdana, sans-serif\" size=\"2\">Lukas&#8216; Netzwerkparty mit Christopher, Michael, Dennis, Jan (der Systemadministrator) und Zoltan<\/font><\/td>\n<\/tr>\n<tr>\n<td width=\"50%\" align=\"center\"><img loading=\"lazy\" border=\"0\" src=\"https:\/\/www.albinz.net\/picts\/lukas_netze2005_03.jpg\" alt=\"Lukas' Netzwerkparty mit Dennis, Michael und Zoltan\" width=\"300\" height=\"201\"><\/td>\n<td width=\"50%\" align=\"center\"><img loading=\"lazy\" border=\"0\" src=\"https:\/\/www.albinz.net\/picts\/lukas_netze2005_04.jpg\" alt=\"Lukas' Netzwerkparty mit Dennis, Michael und Zoltan\" width=\"300\" height=\"201\"><\/td>\n<\/tr>\n<tr>\n<td width=\"50%\" align=\"center\"><font face=\"Lucida Grande, Lucida Sans Unicode, Verdana, sans-serif\" size=\"2\">Lukas&#8216; Netzwerkparty mit Zoltan, Christopher und Dennis<\/font><\/td>\n<td width=\"50%\" align=\"center\"><font face=\"Lucida Grande, Lucida Sans Unicode, Verdana, sans-serif\" size=\"2\">Lukas&#8216; Netzwerkparty mit Michael, Jan und Christopher<\/font><\/td>\n<\/tr>\n<\/table>\n<p>Die Netzwerkparty war nat\u00fcrlich verbunden mit einer \u00dcbernachtung bei uns im Keller. Damit hat das Ganze auch etwas Abenteuerliches. So wurde es heute Morgen auch recht sp\u00e4t (bzw. fr\u00fch), bis die lieben Kleinen in ihre Schlafs\u00e4cke kamen. Daf\u00fcr schliefen die Jungs auch etwas l\u00e4nger. Und nach einem schnellen Fr\u00fchst\u00fcck h\u00e4ngen sie zz. wieder an ihren PCs und daddeln &#8230; Um 15 Uhr ist dann aber Schluss! Ich denke es hat Spa\u00df gemacht, oder?<\/p>\n","protected":false},"excerpt":{"rendered":"<p>Zu seinem 12. Geburtstag w\u00fcnschte sich mein Sohn Lukas in unserem Keller eine Netzwerkparty, kurz &#8218;Netze&#8216; genannt. Also wurden seine besten Kumpel eingeladen und gestern ging es los. Sechs Rechner mit Netzwerkkarten (LAN-Karten) mussten an einen LAN-Switch angeschlossen und in der Systemsteuerung die Einstellungen f\u00fcr Netzwerkverbindungen gepr\u00fcft bzw. ge\u00e4ndert werden (Internetprotokoll TCP\/IP mit einer festen &hellip; <a href=\"https:\/\/willizblog.de\/?p=274\" class=\"more-link\"><span class=\"screen-reader-text\">Netzwerkparty bei AlbinZ<\/span> weiterlesen <span class=\"meta-nav\">&rarr;<\/span><\/a><\/p>\n","protected":false},"author":1,"featured_media":0,"comment_status":"closed","ping_status":"closed","sticky":false,"template":"","format":"standard","meta":[],"categories":[8],"tags":[],"_links":{"self":[{"href":"https:\/\/willizblog.de\/index.php?rest_route=\/wp\/v2\/posts\/274"}],"collection":[{"href":"https:\/\/willizblog.de\/index.php?rest_route=\/wp\/v2\/posts"}],"about":[{"href":"https:\/\/willizblog.de\/index.php?rest_route=\/wp\/v2\/types\/post"}],"author":[{"embeddable":true,"href":"https:\/\/willizblog.de\/index.php?rest_route=\/wp\/v2\/users\/1"}],"replies":[{"embeddable":true,"href":"https:\/\/willizblog.de\/index.php?rest_route=%2Fwp%2Fv2%2Fcomments&post=274"}],"version-history":[{"count":0,"href":"https:\/\/willizblog.de\/index.php?rest_route=\/wp\/v2\/posts\/274\/revisions"}],"wp:attachment":[{"href":"https:\/\/willizblog.de\/index.php?rest_route=%2Fwp%2Fv2%2Fmedia&parent=274"}],"wp:term":[{"taxonomy":"category","embeddable":true,"href":"https:\/\/willizblog.de\/index.php?rest_route=%2Fwp%2Fv2%2Fcategories&post=274"},{"taxonomy":"post_tag","embeddable":true,"href":"https:\/\/willizblog.de\/index.php?rest_route=%2Fwp%2Fv2%2Ftags&post=274"}],"curies":[{"name":"wp","href":"https:\/\/api.w.org\/{rel}","templated":true}]}}