{"id":2798,"date":"2010-03-10T10:36:47","date_gmt":"2010-03-10T09:36:47","guid":{"rendered":"http:\/\/www.willizblog.de\/?p=2798"},"modified":"2010-03-10T10:36:47","modified_gmt":"2010-03-10T09:36:47","slug":"sendung-im-fernsehen-verpasst","status":"publish","type":"post","link":"https:\/\/willizblog.de\/?p=2798","title":{"rendered":"Sendung im Fernsehen verpasst?"},"content":{"rendered":"<p>Sendung im Fernsehen verpasst? Das ist meist kein Problem. Viele Sender verf\u00fcgen im Internet \u00fcber eine Mediathek, die viele ihrer Sendungen dort auch Tage nach der Sendung zum Abruf bereitstellen. \u00dcber die Website <a href=\"http:\/\/www.sendungverpasst.de\/\" target=\"_blank\"><strong>sendungverpasst.de<\/strong><\/a>, Deutschlands gr\u00f6\u00dftem TV-Video-Suchportal, gibt man die Sendung vor \u2013 und kommt im g\u00fcnstigen Fall auf die gew\u00fcnschte Seite; zz. sind dort \u00fcber 100.000 Sendungen von deutschen Sendern indiziert.<\/p>\n<p>Und noch ein Tipp am Rande: Den Film <a href=\"https:\/\/de.wikipedia.org\/wiki\/Home_(Dokumentarfilm)\" target=\"_blank\">Home<\/a> gibt es in deutscher Sprache in voller L\u00e4nge im Internet bei <a href=\"http:\/\/de.sevenload.com\/videos\/Axo9N00-Home-Der-Film-in-deutscher-Sprache\" target=\"_blank\">de.sevenload.com<\/a> zu sehen. <a href=\"http:\/\/www.home-2009.com\/us\/index.html\" target=\"_blank\">Home<\/a> ist ein freier Dokumentarfilm des franz\u00f6sischen Fotografen und Journalisten Yann Arthus-Bertrand. Der Film besteht weitgehend aus Luftaufnahmen, die mit einer hochaufl\u00f6senden Digitalkamera in \u00fcber 50 L\u00e4ndern auf allen Kontinenten der Erde gedreht wurden. Am 5. Juni 2009, dem Weltumwelttag, wurde er weltweit gleichzeitig im Kino, auf DVD, im Fernsehen und im Internet ver\u00f6ffentlicht. In Paris wurde er auf Gro\u00dfleinw\u00e4nden vor dem Eiffelturm gezeigt. Sehr empfehlenswert.<\/p>\n","protected":false},"excerpt":{"rendered":"<p>Sendung im Fernsehen verpasst? Das ist meist kein Problem. Viele Sender verf\u00fcgen im Internet \u00fcber eine Mediathek, die viele ihrer Sendungen dort auch Tage nach der Sendung zum Abruf bereitstellen. \u00dcber die Website sendungverpasst.de, Deutschlands gr\u00f6\u00dftem TV-Video-Suchportal, gibt man die Sendung vor \u2013 und kommt im g\u00fcnstigen Fall auf die gew\u00fcnschte Seite; zz. sind dort &hellip; <a href=\"https:\/\/willizblog.de\/?p=2798\" class=\"more-link\"><span class=\"screen-reader-text\">Sendung im Fernsehen verpasst?<\/span> weiterlesen <span class=\"meta-nav\">&rarr;<\/span><\/a><\/p>\n","protected":false},"author":1,"featured_media":0,"comment_status":"open","ping_status":"open","sticky":false,"template":"","format":"standard","meta":[],"categories":[13,8],"tags":[],"_links":{"self":[{"href":"https:\/\/willizblog.de\/index.php?rest_route=\/wp\/v2\/posts\/2798"}],"collection":[{"href":"https:\/\/willizblog.de\/index.php?rest_route=\/wp\/v2\/posts"}],"about":[{"href":"https:\/\/willizblog.de\/index.php?rest_route=\/wp\/v2\/types\/post"}],"author":[{"embeddable":true,"href":"https:\/\/willizblog.de\/index.php?rest_route=\/wp\/v2\/users\/1"}],"replies":[{"embeddable":true,"href":"https:\/\/willizblog.de\/index.php?rest_route=%2Fwp%2Fv2%2Fcomments&post=2798"}],"version-history":[{"count":0,"href":"https:\/\/willizblog.de\/index.php?rest_route=\/wp\/v2\/posts\/2798\/revisions"}],"wp:attachment":[{"href":"https:\/\/willizblog.de\/index.php?rest_route=%2Fwp%2Fv2%2Fmedia&parent=2798"}],"wp:term":[{"taxonomy":"category","embeddable":true,"href":"https:\/\/willizblog.de\/index.php?rest_route=%2Fwp%2Fv2%2Fcategories&post=2798"},{"taxonomy":"post_tag","embeddable":true,"href":"https:\/\/willizblog.de\/index.php?rest_route=%2Fwp%2Fv2%2Ftags&post=2798"}],"curies":[{"name":"wp","href":"https:\/\/api.w.org\/{rel}","templated":true}]}}