{"id":2804,"date":"2010-03-12T09:23:09","date_gmt":"2010-03-12T08:23:09","guid":{"rendered":"http:\/\/www.willizblog.de\/?p=2804"},"modified":"2010-03-12T10:03:38","modified_gmt":"2010-03-12T09:03:38","slug":"ein-harte-marz","status":"publish","type":"post","link":"https:\/\/willizblog.de\/?p=2804","title":{"rendered":"Ein harter M\u00e4rz"},"content":{"rendered":"<p>Wie im Vorjahr so d\u00fcmpelt die Fu\u00dfballmannschaft des SV Werder Bremen auch in diesem Jahr in der Bundesliga vor sich hin. Nach dem 25. Spieltag ist man auf Platz 6 \u2013 drei Punkte hinter Dortmund, vier hinter dem HSV (beide belegen die Pl\u00e4tze, die f\u00fcr die Teilnahme an der UEFA Europa League berechtigen) \u2013 und bereits 14 Punkte hinter den f\u00fchrenden Bayern. Champions League ade (11 Punkte sind es bis zu Platz 3, der immerhin noch f\u00fcr eine Qualifikationsrunde zur Champions League ausreichen w\u00fcrde)!<\/p>\n<p>Trotzdem ist Werder wie vor einen Jahr \u201agut\u2019 im Gesch\u00e4ft, immerhin spielt man in der Europa League und steht im Halbfinale des DFB-Pokals. Und daher ist der M\u00e4rz wieder ein Monat, der der Mannschaft nur wenig Luft zum Verschnaufen l\u00e4sst.  Nach dem gestrigen Achtelfinalhinspiel beim FC Valencia (mit 1:1 hat man sich eine gute Ausgangsposition f\u00fcrs R\u00fcckspiel geschaffen, wenn das Unentschieden am Ende auch gl\u00fccklich ausfiel) geht es am Sonntag in der Bundesliga nach Hoffenheim. Bereits kommenden Donnerstag steht dann das R\u00fcckspiel gegen die Spanier an. Samstag wieder Bundesliga (zuhause gegen Bochum). Und am Dienstag, den 23.03., empf\u00e4ngt man im DFB-Halbfinale die Mannschaft des FC Augsburg, die zz. die 2. Bundesliga aufmischt und auf Platz zwei, einem Aufstiegsplatz zur 1. Liga steht. Das wird kein Selbstrennen. Abschluss des M\u00e4rzes ist das Bundesligaspiel zuhause gegen den 1. FC N\u00fcrnberg am 27.03., der immerhin Bayer Leverkusen nach 24 Spieltagen die erste Niederlage beibrachte.<\/p>\n<p><img src=\"https:\/\/www.willizblog.de\/blogpicts\/werder0910_el_valencia_frings.jpg\" alt=\"FC Valencia \u2013 SV Werder Bremen 1:1 (nach Frings\u2019 F\u00fchrungstreffer)\" \/><\/p>\n<p>Ein solcher Spielplan fordert der Mannschaft viel Substanz ab. So wird man nicht immer den ansonsten an Werder so zu bewundernden Angriffsfu\u00dfball sehen. Nach dem H\u00e4nger (f\u00fcnf Spiele in Folge verloren) scheinen die Jungs aber wieder in Fahrt zu kommen. Mesut \u00d6zil, nach dem Abgang von Diego (der eigentlich fast schon vergessen erscheint) Spielgestalter der Bremer, findet zu alter Spielst\u00e4rke zur\u00fcck. Aaron Hunt und Marko Marin empfehlen sich im WM-Jahr weiterhin f\u00fcr die Nationalmannschaft. Und ohne Tim Wiese h\u00e4tte der SV Werder in Valencia gestern sicherlich etwas \u00e4lter ausgesehen.<\/p>\n<p>Freuen wir uns auf hoffentlich sch\u00f6ne Spiele und auf ein Weiterkommen der Bremer. Die UEFA Europa League entpuppt sich als durchaus attraktiver Wettbewerb mit vielen gro\u00dfen Teams (Liverpool, Juventus Turin, Benfica und Sporting Lissabon, um nur einige der Gro\u00dfen zu nennen), zu denen nat\u00fcrlich auch der SV Werder Bremen zu z\u00e4hlen ist.<\/p>\n","protected":false},"excerpt":{"rendered":"<p>Wie im Vorjahr so d\u00fcmpelt die Fu\u00dfballmannschaft des SV Werder Bremen auch in diesem Jahr in der Bundesliga vor sich hin. Nach dem 25. Spieltag ist man auf Platz 6 \u2013 drei Punkte hinter Dortmund, vier hinter dem HSV (beide belegen die Pl\u00e4tze, die f\u00fcr die Teilnahme an der UEFA Europa League berechtigen) \u2013 und &hellip; <a href=\"https:\/\/willizblog.de\/?p=2804\" class=\"more-link\"><span class=\"screen-reader-text\">Ein harter M\u00e4rz<\/span> weiterlesen <span class=\"meta-nav\">&rarr;<\/span><\/a><\/p>\n","protected":false},"author":1,"featured_media":0,"comment_status":"open","ping_status":"open","sticky":false,"template":"","format":"standard","meta":[],"categories":[27],"tags":[],"_links":{"self":[{"href":"https:\/\/willizblog.de\/index.php?rest_route=\/wp\/v2\/posts\/2804"}],"collection":[{"href":"https:\/\/willizblog.de\/index.php?rest_route=\/wp\/v2\/posts"}],"about":[{"href":"https:\/\/willizblog.de\/index.php?rest_route=\/wp\/v2\/types\/post"}],"author":[{"embeddable":true,"href":"https:\/\/willizblog.de\/index.php?rest_route=\/wp\/v2\/users\/1"}],"replies":[{"embeddable":true,"href":"https:\/\/willizblog.de\/index.php?rest_route=%2Fwp%2Fv2%2Fcomments&post=2804"}],"version-history":[{"count":0,"href":"https:\/\/willizblog.de\/index.php?rest_route=\/wp\/v2\/posts\/2804\/revisions"}],"wp:attachment":[{"href":"https:\/\/willizblog.de\/index.php?rest_route=%2Fwp%2Fv2%2Fmedia&parent=2804"}],"wp:term":[{"taxonomy":"category","embeddable":true,"href":"https:\/\/willizblog.de\/index.php?rest_route=%2Fwp%2Fv2%2Fcategories&post=2804"},{"taxonomy":"post_tag","embeddable":true,"href":"https:\/\/willizblog.de\/index.php?rest_route=%2Fwp%2Fv2%2Ftags&post=2804"}],"curies":[{"name":"wp","href":"https:\/\/api.w.org\/{rel}","templated":true}]}}