{"id":282,"date":"2005-10-30T16:31:14","date_gmt":"2005-10-30T14:31:14","guid":{"rendered":"http:\/\/www.albinz.de\/blog\/?p=282"},"modified":"2005-10-30T16:32:18","modified_gmt":"2005-10-30T14:32:18","slug":"kurbis-zu-halloween","status":"publish","type":"post","link":"https:\/\/willizblog.de\/?p=282","title":{"rendered":"K\u00fcrbis zu Halloween"},"content":{"rendered":"<p>Wie in den letzten Jahren so &#8218;erbten&#8216; wir auch dieses Jahr wieder gro\u00dfe K\u00fcrbisse aus Gro\u00dfvaters Garten. Dieses Jahr hatten wir selbst auch K\u00fcrbisse ausges\u00e4t, aber nur die kleinen Zierk\u00fcrbisse.<\/p>\n<p>Heute nun war es an der Zeit, diese K\u00fcrbisse f\u00fcr Halloween zu pr\u00e4parieren, also auszuh\u00f6hlen (das Fruchtfleisch wird zu K\u00fcrbissuppe, s\u00fc\u00dfes K\u00fcrbisbrot oder s\u00fc\u00df-sauer eingelegte K\u00fcrbisst\u00fccke weiterverarbeitet) und mit Fratzen zu versehen. Die so ausgeweideten K\u00fcrbisse findet man dann in unserem Vorgarten und abends mit Teelichtern versehen leuchten sie &#8218;um die Wette&#8216;.<\/p>\n<ul><img src=\"https:\/\/www.willizblog.de\/albpics\/halloween2005_kuerbis.jpg\" alt=\"K\u00fcrbismonster in AlbinZ Vorgarten\" \/><\/ul>\n","protected":false},"excerpt":{"rendered":"<p>Wie in den letzten Jahren so &#8218;erbten&#8216; wir auch dieses Jahr wieder gro\u00dfe K\u00fcrbisse aus Gro\u00dfvaters Garten. Dieses Jahr hatten wir selbst auch K\u00fcrbisse ausges\u00e4t, aber nur die kleinen Zierk\u00fcrbisse. Heute nun war es an der Zeit, diese K\u00fcrbisse f\u00fcr Halloween zu pr\u00e4parieren, also auszuh\u00f6hlen (das Fruchtfleisch wird zu K\u00fcrbissuppe, s\u00fc\u00dfes K\u00fcrbisbrot oder s\u00fc\u00df-sauer eingelegte &hellip; <a href=\"https:\/\/willizblog.de\/?p=282\" class=\"more-link\"><span class=\"screen-reader-text\">K\u00fcrbis zu Halloween<\/span> weiterlesen <span class=\"meta-nav\">&rarr;<\/span><\/a><\/p>\n","protected":false},"author":1,"featured_media":0,"comment_status":"closed","ping_status":"closed","sticky":false,"template":"","format":"standard","meta":[],"categories":[28],"tags":[],"_links":{"self":[{"href":"https:\/\/willizblog.de\/index.php?rest_route=\/wp\/v2\/posts\/282"}],"collection":[{"href":"https:\/\/willizblog.de\/index.php?rest_route=\/wp\/v2\/posts"}],"about":[{"href":"https:\/\/willizblog.de\/index.php?rest_route=\/wp\/v2\/types\/post"}],"author":[{"embeddable":true,"href":"https:\/\/willizblog.de\/index.php?rest_route=\/wp\/v2\/users\/1"}],"replies":[{"embeddable":true,"href":"https:\/\/willizblog.de\/index.php?rest_route=%2Fwp%2Fv2%2Fcomments&post=282"}],"version-history":[{"count":0,"href":"https:\/\/willizblog.de\/index.php?rest_route=\/wp\/v2\/posts\/282\/revisions"}],"wp:attachment":[{"href":"https:\/\/willizblog.de\/index.php?rest_route=%2Fwp%2Fv2%2Fmedia&parent=282"}],"wp:term":[{"taxonomy":"category","embeddable":true,"href":"https:\/\/willizblog.de\/index.php?rest_route=%2Fwp%2Fv2%2Fcategories&post=282"},{"taxonomy":"post_tag","embeddable":true,"href":"https:\/\/willizblog.de\/index.php?rest_route=%2Fwp%2Fv2%2Ftags&post=282"}],"curies":[{"name":"wp","href":"https:\/\/api.w.org\/{rel}","templated":true}]}}