{"id":283,"date":"2005-11-01T16:59:18","date_gmt":"2005-11-01T14:59:18","guid":{"rendered":"http:\/\/www.willizblog.de\/?p=283"},"modified":"2005-11-01T15:32:45","modified_gmt":"2005-11-01T13:32:45","slug":"die-zukunft-ist-gelb","status":"publish","type":"post","link":"https:\/\/willizblog.de\/?p=283","title":{"rendered":"Die Zukunft ist gelb"},"content":{"rendered":"<p>Alles ist rosarot &#8230;? Neinein, und die Zukunft ist auch nicht schwarz! Also, was?<\/p>\n<p>Erst k\u00fcndigt SPD-Chef M\u00fcntefering seinen R\u00fcckzug von der Partei-Spitze an, weil man ihm Frau Nahles als Generalsekret\u00e4rin vor die Nase setzen will und st\u00fctzt damit seine Partei in einen Zustand zwischen Wut und Resignation. Und mit Vizekanzlerschaft und Arbeitsministerium wei\u00df er noch nicht &#8230;<\/p>\n<p>Da will auch Edmund Stoiber lieber in M\u00fcnchen bleiben und nicht in die geplante Bundesregierung eintreten. Wegen M\u00fcntefering und \u00fcberhaupt, weil ihm der Zuschnitt des Wirtschaftsministeriums, dem er vorstehen wollte und sollte, nicht passt.<\/p>\n<p>Und dann denkt Andrea Nahles pl\u00f6tzlich \u00fcber einen R\u00fcckzug von ihrer Kandidatur nach &#8230;<\/p>\n<p>\u00c4tsch Mann, b\u00e4tsch Mann: Alles Banane!<\/p>\n<ul><img src=\"https:\/\/www.willizblog.de\/albpics\/warhol_banana.jpg\" alt=\"Andy Warhol's Banana\" \/><\/ul>\n<p>Klar, die Zukunft ist gelb &#8230; Nicht FDP-gelb, Herr Westerwelle, der pl\u00f6tzlich wieder von Jamaika tr\u00e4umt. Gelb wie eine Banane!<\/p>\n<p>Und wenn schon alles zusammenbricht (ist es das nicht schon l\u00e4ngst?), da werden die Unkenrufe nach Neuwahlen laut. Sollte ich etwa doch eine Art von Prophet sein? Siehe meinen Beitrag: <a href=\"https:\/\/www.willizblog.de\/?p=254\">Neuwahl in Sicht?!<\/a><\/p>\n<p>Apropos gelb und Banane! Von Bananenrepublik war da auch schon &#8218;mal die Rede!<\/p>\n","protected":false},"excerpt":{"rendered":"<p>Alles ist rosarot &#8230;? Neinein, und die Zukunft ist auch nicht schwarz! Also, was? Erst k\u00fcndigt SPD-Chef M\u00fcntefering seinen R\u00fcckzug von der Partei-Spitze an, weil man ihm Frau Nahles als Generalsekret\u00e4rin vor die Nase setzen will und st\u00fctzt damit seine Partei in einen Zustand zwischen Wut und Resignation. Und mit Vizekanzlerschaft und Arbeitsministerium wei\u00df er &hellip; <a href=\"https:\/\/willizblog.de\/?p=283\" class=\"more-link\"><span class=\"screen-reader-text\">Die Zukunft ist gelb<\/span> weiterlesen <span class=\"meta-nav\">&rarr;<\/span><\/a><\/p>\n","protected":false},"author":1,"featured_media":0,"comment_status":"closed","ping_status":"closed","sticky":false,"template":"","format":"standard","meta":[],"categories":[29],"tags":[],"_links":{"self":[{"href":"https:\/\/willizblog.de\/index.php?rest_route=\/wp\/v2\/posts\/283"}],"collection":[{"href":"https:\/\/willizblog.de\/index.php?rest_route=\/wp\/v2\/posts"}],"about":[{"href":"https:\/\/willizblog.de\/index.php?rest_route=\/wp\/v2\/types\/post"}],"author":[{"embeddable":true,"href":"https:\/\/willizblog.de\/index.php?rest_route=\/wp\/v2\/users\/1"}],"replies":[{"embeddable":true,"href":"https:\/\/willizblog.de\/index.php?rest_route=%2Fwp%2Fv2%2Fcomments&post=283"}],"version-history":[{"count":0,"href":"https:\/\/willizblog.de\/index.php?rest_route=\/wp\/v2\/posts\/283\/revisions"}],"wp:attachment":[{"href":"https:\/\/willizblog.de\/index.php?rest_route=%2Fwp%2Fv2%2Fmedia&parent=283"}],"wp:term":[{"taxonomy":"category","embeddable":true,"href":"https:\/\/willizblog.de\/index.php?rest_route=%2Fwp%2Fv2%2Fcategories&post=283"},{"taxonomy":"post_tag","embeddable":true,"href":"https:\/\/willizblog.de\/index.php?rest_route=%2Fwp%2Fv2%2Ftags&post=283"}],"curies":[{"name":"wp","href":"https:\/\/api.w.org\/{rel}","templated":true}]}}