{"id":2832,"date":"2010-03-21T14:09:21","date_gmt":"2010-03-21T13:09:21","guid":{"rendered":"http:\/\/www.willizblog.de\/?p=2832"},"modified":"2010-03-21T14:09:21","modified_gmt":"2010-03-21T13:09:21","slug":"fruhlingsanfang-in-tostedt","status":"publish","type":"post","link":"https:\/\/willizblog.de\/?p=2832","title":{"rendered":"Fr\u00fchlingsanfang in Tostedt"},"content":{"rendered":"<p>Ja, der Fr\u00fchling ist unverkennbar da (gestern um 18 Uhr 32 begann er ganz \u201aoffiziell\u2019). Morgens, wenn ich fr\u00fch das Haus verlasse, da zwitschern die V\u00f6gel wieder wie lange nicht mehr. Und im Garten sprie\u00dfen die Pflanzen \u2013 es ist eine Pracht. Heute Nacht regnete es zwar, aber die Sonne kommt nun doch \u00f6fter hervor, erst eher sch\u00fcchtern, nun doch mit aller Gewalt. Und noch drei Arbeitstage, dann habe ich meinen wohlverdienten Osterurlaub &#8230;<\/p>\n<table border=\"0\" cellpadding=\"5\" cellspacing=\"0\" width=\"100%\">\n<tr>\n<td width=\"50%\" align=\"center\"><img loading=\"lazy\" border=\"0\" src=\"https:\/\/www.willizblog.de\/blogpicts\/blumen2010_03_03.jpg\" alt=\"Fr\u00fchlingsboten in AlbinZ Garten - M\u00e4rz 2010\" width=\"202\" height=\"270\"><\/td>\n<td width=\"50%\" align=\"center\"><img loading=\"lazy\" border=\"0\" src=\"https:\/\/www.willizblog.de\/blogpicts\/blumen2010_03_04.jpg\" alt=\"Fr\u00fchlingsboten in AlbinZ Garten - M\u00e4rz 2010\" width=\"270\" height=\"203\"><\/td>\n<\/tr>\n<tr>\n<td width=\"50%\" align=\"center\"><img loading=\"lazy\" border=\"0\" src=\"https:\/\/www.willizblog.de\/blogpicts\/blumen2010_03_05.jpg\" alt=\"Fr\u00fchlingsboten in AlbinZ Garten - M\u00e4rz 2010\" width=\"270\" height=\"203\"><\/td>\n<td width=\"50%\" align=\"center\"><img loading=\"lazy\" border=\"0\" src=\"https:\/\/www.willizblog.de\/blogpicts\/blumen2010_03_06.jpg\" alt=\"Fr\u00fchlingsboten in AlbinZ Garten - M\u00e4rz 2010\" width=\"202\" height=\"270\"><\/td>\n<\/tr>\n<tr>\n<td width=\"100%\" align=\"center\" colspan=\"2\"><font face=\"Lucida Grande, Lucida Sans Unicode, Verdana, sans-serif\" size=\"2\">Fr\u00fchlingsboten in AlbinZ Garten \u2013 M\u00e4rz 2010<\/font><\/td>\n<\/tr>\n<tr>\n<td width=\"50%\" align=\"center\"><img loading=\"lazy\" border=\"0\" src=\"https:\/\/www.willizblog.de\/blogpicts\/blumen2010_03_07.jpg\" alt=\"Fr\u00fchlingsboten in AlbinZ Garten - M\u00e4rz 2010\" width=\"270\" height=\"203\"><\/td>\n<td width=\"50%\" align=\"center\"><img loading=\"lazy\" border=\"0\" src=\"https:\/\/www.willizblog.de\/blogpicts\/blumen2010_03_08.jpg\" alt=\"Fr\u00fchlingsboten in AlbinZ Garten - M\u00e4rz 2010\" width=\"270\" height=\"203\"><\/td>\n<\/tr>\n<\/table>\n","protected":false},"excerpt":{"rendered":"<p>Ja, der Fr\u00fchling ist unverkennbar da (gestern um 18 Uhr 32 begann er ganz \u201aoffiziell\u2019). Morgens, wenn ich fr\u00fch das Haus verlasse, da zwitschern die V\u00f6gel wieder wie lange nicht mehr. Und im Garten sprie\u00dfen die Pflanzen \u2013 es ist eine Pracht. Heute Nacht regnete es zwar, aber die Sonne kommt nun doch \u00f6fter hervor, &hellip; <a href=\"https:\/\/willizblog.de\/?p=2832\" class=\"more-link\"><span class=\"screen-reader-text\">Fr\u00fchlingsanfang in Tostedt<\/span> weiterlesen <span class=\"meta-nav\">&rarr;<\/span><\/a><\/p>\n","protected":false},"author":1,"featured_media":0,"comment_status":"open","ping_status":"open","sticky":false,"template":"","format":"standard","meta":[],"categories":[16],"tags":[],"_links":{"self":[{"href":"https:\/\/willizblog.de\/index.php?rest_route=\/wp\/v2\/posts\/2832"}],"collection":[{"href":"https:\/\/willizblog.de\/index.php?rest_route=\/wp\/v2\/posts"}],"about":[{"href":"https:\/\/willizblog.de\/index.php?rest_route=\/wp\/v2\/types\/post"}],"author":[{"embeddable":true,"href":"https:\/\/willizblog.de\/index.php?rest_route=\/wp\/v2\/users\/1"}],"replies":[{"embeddable":true,"href":"https:\/\/willizblog.de\/index.php?rest_route=%2Fwp%2Fv2%2Fcomments&post=2832"}],"version-history":[{"count":0,"href":"https:\/\/willizblog.de\/index.php?rest_route=\/wp\/v2\/posts\/2832\/revisions"}],"wp:attachment":[{"href":"https:\/\/willizblog.de\/index.php?rest_route=%2Fwp%2Fv2%2Fmedia&parent=2832"}],"wp:term":[{"taxonomy":"category","embeddable":true,"href":"https:\/\/willizblog.de\/index.php?rest_route=%2Fwp%2Fv2%2Fcategories&post=2832"},{"taxonomy":"post_tag","embeddable":true,"href":"https:\/\/willizblog.de\/index.php?rest_route=%2Fwp%2Fv2%2Ftags&post=2832"}],"curies":[{"name":"wp","href":"https:\/\/api.w.org\/{rel}","templated":true}]}}