{"id":2846,"date":"2010-03-24T10:16:34","date_gmt":"2010-03-24T09:16:34","guid":{"rendered":"http:\/\/www.willizblog.de\/?p=2846"},"modified":"2010-03-24T15:03:58","modified_gmt":"2010-03-24T14:03:58","slug":"%e2%80%9ewir-fahren-nach-berlin%e2%80%9c","status":"publish","type":"post","link":"https:\/\/willizblog.de\/?p=2846","title":{"rendered":"\u201eWir fahren nach Berlin\u201c"},"content":{"rendered":"<p>Drei Gegentreffer allein durch David Villa, Torsch\u00fctzenk\u00f6nig der Fu\u00dfball-Europameisterschaft 2008, waren am Ende zu viel. Trotz einer <a href=\"http:\/\/www.zdf.de\/ZDFmediathek\/content\/1000632\" target=\"_blank\">furiosen Aufholjagd<\/a> verpasste der SV Werder Bremen beim 4:4 (1:3) den Einzug ins Viertelfinale der Europa League gegen den FC Valencia. Daf\u00fcr gelang gestern vor heimischen Publikum durch einen <a href=\"http:\/\/www.zdf.de\/ZDFmediathek\/content\/1004372\" target=\"_blank\">2:0-Sieg gegen den FC Augsburg<\/a>, einem der Aspiranten auf den Aufstieg in die Fu\u00dfballbundesliga, der <a href=\"http:\/\/fussball.zdf.de\/ZDFsport\/inhalt\/26\/0,5676,8058266,00.html\" target=\"_blank\">Einzug ins Finale<\/a> des DFB-Pokals.<\/p>\n<p><img src=\"https:\/\/www.willizblog.de\/blogpicts\/werder0910_dfb_halbfinale.jpg\" alt=\"SV Werder Bremen: Zum 10. Mal im DFB-Pokalfinale\" \/><\/p>\n<p>Damit ist Werder Bremen zum 10. Mal im Finale des deutschen Pokalwettbewerbs und hat sich somit auch schon \u201aso gut wie\u2019 f\u00fcr die UEFA Champions League der n\u00e4chsten Saison qualifiziert. Der Endspielgegner wird heute zwischen Schalke 04 und den Bayern ermittelt.<\/p>\n<p>Die letzten Spiele der Bremer waren die reinste Achterbahnfahrt f\u00fcr die Zuschauer. Die Aufholjagd gegen die Spanier hatte geradezu dramatische Z\u00fcge.  Erst der 3:3-Ausgleich f\u00fcr die Bremer, dann wieder die F\u00fchrung f\u00fcr Valencia durch einen abseits verd\u00e4chtigen Treffer \u2013 und zuletzt nochmals der Ausgleich f\u00fcr Bremen. Aber eben kein Happy End.<\/p>\n<p>siehe auch zdf.de: <a href=\"http:\/\/quiz.zdf.de\/index.php?quid=20100322A345w8fE\" target=\"_blank\">Quiz: Werders Triumphe und Pleiten im DBF-Pokal<\/a><\/p>\n<p>Besonders hervorgetan hat sich in den letzten Spielen Marko Marin, der sich zz. in bestechender Form befindet. Und da auch Mesut \u00d6zil nach und nach zu alter Form zur\u00fcckfindet, bilden beide, Marin und \u00d6zil, ein Angriffsduo, das auch dem Herrn L\u00f6w aufgefallen sein d\u00fcrfte. Immer f\u00fcr ein Tor gut ist Claudio Pizarro. Die letzten Spiele in der laufenden Bundesligasaison versprechen also auch aus Bremer Sicht viel Spannung. Sollte vielleicht sogar noch der dritte Platz (Werder steht sieben Spieltage vor Saisonende acht Punkte hinter den nun doch schw\u00e4chelnden Leverkusenern) m\u00f6glich sein?<\/p>\n","protected":false},"excerpt":{"rendered":"<p>Drei Gegentreffer allein durch David Villa, Torsch\u00fctzenk\u00f6nig der Fu\u00dfball-Europameisterschaft 2008, waren am Ende zu viel. Trotz einer furiosen Aufholjagd verpasste der SV Werder Bremen beim 4:4 (1:3) den Einzug ins Viertelfinale der Europa League gegen den FC Valencia. Daf\u00fcr gelang gestern vor heimischen Publikum durch einen 2:0-Sieg gegen den FC Augsburg, einem der Aspiranten auf &hellip; <a href=\"https:\/\/willizblog.de\/?p=2846\" class=\"more-link\"><span class=\"screen-reader-text\">\u201eWir fahren nach Berlin\u201c<\/span> weiterlesen <span class=\"meta-nav\">&rarr;<\/span><\/a><\/p>\n","protected":false},"author":1,"featured_media":0,"comment_status":"open","ping_status":"open","sticky":false,"template":"","format":"standard","meta":[],"categories":[27],"tags":[],"_links":{"self":[{"href":"https:\/\/willizblog.de\/index.php?rest_route=\/wp\/v2\/posts\/2846"}],"collection":[{"href":"https:\/\/willizblog.de\/index.php?rest_route=\/wp\/v2\/posts"}],"about":[{"href":"https:\/\/willizblog.de\/index.php?rest_route=\/wp\/v2\/types\/post"}],"author":[{"embeddable":true,"href":"https:\/\/willizblog.de\/index.php?rest_route=\/wp\/v2\/users\/1"}],"replies":[{"embeddable":true,"href":"https:\/\/willizblog.de\/index.php?rest_route=%2Fwp%2Fv2%2Fcomments&post=2846"}],"version-history":[{"count":0,"href":"https:\/\/willizblog.de\/index.php?rest_route=\/wp\/v2\/posts\/2846\/revisions"}],"wp:attachment":[{"href":"https:\/\/willizblog.de\/index.php?rest_route=%2Fwp%2Fv2%2Fmedia&parent=2846"}],"wp:term":[{"taxonomy":"category","embeddable":true,"href":"https:\/\/willizblog.de\/index.php?rest_route=%2Fwp%2Fv2%2Fcategories&post=2846"},{"taxonomy":"post_tag","embeddable":true,"href":"https:\/\/willizblog.de\/index.php?rest_route=%2Fwp%2Fv2%2Ftags&post=2846"}],"curies":[{"name":"wp","href":"https:\/\/api.w.org\/{rel}","templated":true}]}}