{"id":286,"date":"2005-11-03T07:00:33","date_gmt":"2005-11-03T06:00:33","guid":{"rendered":"http:\/\/www.albinz.de\/blog\/?p=286"},"modified":"2005-11-03T08:22:54","modified_gmt":"2005-11-03T07:22:54","slug":"die-seuche-db","status":"publish","type":"post","link":"https:\/\/willizblog.de\/?p=286","title":{"rendered":"Die Seuche DB"},"content":{"rendered":"<p>Nein, ich schreibe nicht von der Vogelgrippe. Ich meine die DB, die Deutsche Bahn AG, auch DBAG. Wenn da einmal nichts l\u00e4uft, dann l\u00e4uft es nicht. Und es dauert, bis es sich wieder &#8217;normalisiert&#8216;. Was meine ich? Wer Pendler im Nahverkehr ist oder \u00f6fter mit der Bahn f\u00e4hrt, wird es gleich wissen: Die st\u00e4ndigen Versp\u00e4tungen der DBAG (und daraus resultierend der Z\u00fcge des <a href=\"http:\/\/www.der-metronom.de\/\" target=\"_blank\">Metronoms)<\/a>! Seit Montag ist es wieder extrem damit und h\u00e4lt an. Und wie eine Seuche \u00fcbertr\u00e4gt es sich auch gleich auf die S-Bahnen in Hamburg, auf die pl\u00f6tzlich auch kein Verlass mehr ist (wenn es das auf l\u00e4ngere Sicht jemals war).<\/p>\n<ul><img src=\"https:\/\/www.willizblog.de\/albpics\/db_2005_11.jpg\" alt=\"... und marode Gleise\" \/><\/ul>\n<p>Aber das ist ja alles nichts Neues. Und eigentlich sind auch st\u00e4ndige Fahrpreiserh\u00f6hungen nichts Neues. Ende August wurden diese bereits mit Verweis auf massiv gestiegene Energiekosten angek\u00fcndigt. Dies war bei Fahrgastvertretern und in der Politik auf Kritik gesto\u00dfen. Konkret werden im Nahverkehr Einzelfahrten und Wochenkarten um 2,9 Prozent teurer, Monatskarten um 2,2 Prozent. Dies gilt f\u00fcr Fahrten au\u00dferhalb der Verkehrsverb\u00fcnde, also etwa eine Fahrt mit dem Regionalexpress von Rostock nach Berlin. Die Preise mehrerer L\u00e4ndertickets d\u00fcrfen zudem um bis zu zwei Euro angehoben werden. Das Niedersachsenticket kostet bereits statt 22 jetzt 24 Euro.<\/p>\n<p>Aber es gibt auch Positives zu berichten. Das (inszwischen teurere) Niedersachsenticket gilt nun auch am Wochenende. Statt der 30 Euro am Automaten (oder 32 Euro am Schalter) f\u00fcr das Sch\u00f6ne-Wochenende-Ticket spart man also etwas Geld, wenn man wie meine Lieben und ich z.B. von Tostedt nach Bremen f\u00e4hrt. Ich frage mich dabei nur, warum das erst jetzt kommt?! Gerade am Wochenende m\u00f6chte die Deutsche Bahn mit g\u00fcnstigen Angeboten Fahrg\u00e4ste locken. Aber wenn ich f\u00fcr die genannte Fahrt Tostedt &#8211; Bremen am Wochenende mehr zahlen muss als wochentags, dann ist das f\u00fcr mich nichts anderes als eine Abzockerei. Aber das hat sich ja nun ge\u00e4ndert.<\/p>\n","protected":false},"excerpt":{"rendered":"<p>Nein, ich schreibe nicht von der Vogelgrippe. Ich meine die DB, die Deutsche Bahn AG, auch DBAG. Wenn da einmal nichts l\u00e4uft, dann l\u00e4uft es nicht. Und es dauert, bis es sich wieder &#8217;normalisiert&#8216;. Was meine ich? Wer Pendler im Nahverkehr ist oder \u00f6fter mit der Bahn f\u00e4hrt, wird es gleich wissen: Die st\u00e4ndigen Versp\u00e4tungen &hellip; <a href=\"https:\/\/willizblog.de\/?p=286\" class=\"more-link\"><span class=\"screen-reader-text\">Die Seuche DB<\/span> weiterlesen <span class=\"meta-nav\">&rarr;<\/span><\/a><\/p>\n","protected":false},"author":1,"featured_media":0,"comment_status":"closed","ping_status":"closed","sticky":false,"template":"","format":"standard","meta":[],"categories":[22],"tags":[],"_links":{"self":[{"href":"https:\/\/willizblog.de\/index.php?rest_route=\/wp\/v2\/posts\/286"}],"collection":[{"href":"https:\/\/willizblog.de\/index.php?rest_route=\/wp\/v2\/posts"}],"about":[{"href":"https:\/\/willizblog.de\/index.php?rest_route=\/wp\/v2\/types\/post"}],"author":[{"embeddable":true,"href":"https:\/\/willizblog.de\/index.php?rest_route=\/wp\/v2\/users\/1"}],"replies":[{"embeddable":true,"href":"https:\/\/willizblog.de\/index.php?rest_route=%2Fwp%2Fv2%2Fcomments&post=286"}],"version-history":[{"count":0,"href":"https:\/\/willizblog.de\/index.php?rest_route=\/wp\/v2\/posts\/286\/revisions"}],"wp:attachment":[{"href":"https:\/\/willizblog.de\/index.php?rest_route=%2Fwp%2Fv2%2Fmedia&parent=286"}],"wp:term":[{"taxonomy":"category","embeddable":true,"href":"https:\/\/willizblog.de\/index.php?rest_route=%2Fwp%2Fv2%2Fcategories&post=286"},{"taxonomy":"post_tag","embeddable":true,"href":"https:\/\/willizblog.de\/index.php?rest_route=%2Fwp%2Fv2%2Ftags&post=286"}],"curies":[{"name":"wp","href":"https:\/\/api.w.org\/{rel}","templated":true}]}}