{"id":287,"date":"2005-11-04T13:59:29","date_gmt":"2005-11-04T12:59:29","guid":{"rendered":"http:\/\/www.albinz.de\/blog\/?p=287"},"modified":"2005-11-03T18:01:46","modified_gmt":"2005-11-03T17:01:46","slug":"zeitlich-deplaziert","status":"publish","type":"post","link":"https:\/\/willizblog.de\/?p=287","title":{"rendered":"Zeitlich deplaziert"},"content":{"rendered":"<p>Angesichts der Gefahr, die durch Vogelgrippe infiziertes Gefl\u00fcgel auch f\u00fcr den Menschen bestehen soll, erscheint mir der Zeitpunkt der Neueinf\u00fchrung <a href=\"http:\/\/www.bifi.de\/\" target=\"_blank\">der kleinen Gefl\u00fcgelsalami<\/a> \u00e4u\u00dferst ungl\u00fccklich gew\u00e4hlt.<\/p>\n<ul><img src=\"https:\/\/www.willizblog.de\/albpics\/bifi_gefluegel.jpg\" alt=\"Bifi Gefl\u00fcgel\" \/><\/ul>\n<p>Wohl bekomm &#8217;s?!<\/p>\n","protected":false},"excerpt":{"rendered":"<p>Angesichts der Gefahr, die durch Vogelgrippe infiziertes Gefl\u00fcgel auch f\u00fcr den Menschen bestehen soll, erscheint mir der Zeitpunkt der Neueinf\u00fchrung der kleinen Gefl\u00fcgelsalami \u00e4u\u00dferst ungl\u00fccklich gew\u00e4hlt. Wohl bekomm &#8217;s?!<\/p>\n","protected":false},"author":1,"featured_media":0,"comment_status":"closed","ping_status":"closed","sticky":false,"template":"","format":"standard","meta":[],"categories":[7],"tags":[],"_links":{"self":[{"href":"https:\/\/willizblog.de\/index.php?rest_route=\/wp\/v2\/posts\/287"}],"collection":[{"href":"https:\/\/willizblog.de\/index.php?rest_route=\/wp\/v2\/posts"}],"about":[{"href":"https:\/\/willizblog.de\/index.php?rest_route=\/wp\/v2\/types\/post"}],"author":[{"embeddable":true,"href":"https:\/\/willizblog.de\/index.php?rest_route=\/wp\/v2\/users\/1"}],"replies":[{"embeddable":true,"href":"https:\/\/willizblog.de\/index.php?rest_route=%2Fwp%2Fv2%2Fcomments&post=287"}],"version-history":[{"count":0,"href":"https:\/\/willizblog.de\/index.php?rest_route=\/wp\/v2\/posts\/287\/revisions"}],"wp:attachment":[{"href":"https:\/\/willizblog.de\/index.php?rest_route=%2Fwp%2Fv2%2Fmedia&parent=287"}],"wp:term":[{"taxonomy":"category","embeddable":true,"href":"https:\/\/willizblog.de\/index.php?rest_route=%2Fwp%2Fv2%2Fcategories&post=287"},{"taxonomy":"post_tag","embeddable":true,"href":"https:\/\/willizblog.de\/index.php?rest_route=%2Fwp%2Fv2%2Ftags&post=287"}],"curies":[{"name":"wp","href":"https:\/\/api.w.org\/{rel}","templated":true}]}}