{"id":289,"date":"2005-11-08T17:00:50","date_gmt":"2005-11-08T16:00:50","guid":{"rendered":"http:\/\/www.albinz.de\/blog\/?p=289"},"modified":"2005-11-10T14:29:17","modified_gmt":"2005-11-10T13:29:17","slug":"bald-wird-es-auch-bei-uns-krachen","status":"publish","type":"post","link":"https:\/\/willizblog.de\/?p=289","title":{"rendered":"Bald wird es auch bei uns krachen?!"},"content":{"rendered":"<p>Sicherlich gibt es keine Ghettos in Deutschland wie in Frankreich, jede Cit\u00e9s, in die die Einwanderer aus Schwarz- und Nordafrika regelrecht abgeschoben werden, fernab vom Eifelturm, wo die Tristesse herrscht und der Staat schon l\u00e4ngst sein Recht verloren hat.<\/p>\n<p>Aber so, wie sich die Gewalt aus den Vororten von Paris inzwischen in ganz Frankreich ausbreitet, so muss man damit rechnen, dass sie auch \u00fcber L\u00e4ndergrenzen schwappt. Immerhin scheinen Anschl\u00e4ge in Berlin und Bremen von Nachahmern ver\u00fcbt zu sein. Wie schnell solche Gewalt eskaliert, sehen wir in Frankreich.<\/p>\n<p>Immerhin nehmen sich unsere Politiker des Themas an, leider nicht immer sachgerecht. W\u00e4hrend die einen gleich von &#8218;harter Hand gegen\u00fcber denjenigen, die Recht und Gesetz mit F\u00fc\u00dfen treten&#8216; sprechen, fordern andere verbesserte Angebote f\u00fcr Jugendliche, besonders f\u00fcr Ausl\u00e4nderkinder. <\/p>\n<ul><img src=\"https:\/\/www.willizblog.de\/albpics\/paris_krawalle.jpg\" alt=\"Krawalle in Paris\" \/><\/ul>\n<p>Wir k\u00f6nnen nur hoffen, dass die Krawalle bald ein friedliches Ende finden. Friedlich kann es aber nur werden, auch in Deutschland, wenn den Migranten und ihren Kindern Perspektiven er\u00f6ffnet werden, die eine vern\u00fcnfige Zukunft bieten. Angesichts hoher Arbeitslosigkeit, die z.B. in Teilen Berlins bei fast 50 Prozent liegt, kann davon aber keine Rede sein.<\/p>\n<p>siehe auch <a href=\"http:\/\/www.heute.de\/ZDFheute\/inhalt\/22\/0,3672,2393590,00.html\" target=\"_blank\">zdf.de<\/a><\/p>\n","protected":false},"excerpt":{"rendered":"<p>Sicherlich gibt es keine Ghettos in Deutschland wie in Frankreich, jede Cit\u00e9s, in die die Einwanderer aus Schwarz- und Nordafrika regelrecht abgeschoben werden, fernab vom Eifelturm, wo die Tristesse herrscht und der Staat schon l\u00e4ngst sein Recht verloren hat. Aber so, wie sich die Gewalt aus den Vororten von Paris inzwischen in ganz Frankreich ausbreitet, &hellip; <a href=\"https:\/\/willizblog.de\/?p=289\" class=\"more-link\"><span class=\"screen-reader-text\">Bald wird es auch bei uns krachen?!<\/span> weiterlesen <span class=\"meta-nav\">&rarr;<\/span><\/a><\/p>\n","protected":false},"author":1,"featured_media":0,"comment_status":"closed","ping_status":"closed","sticky":false,"template":"","format":"standard","meta":[],"categories":[2],"tags":[],"_links":{"self":[{"href":"https:\/\/willizblog.de\/index.php?rest_route=\/wp\/v2\/posts\/289"}],"collection":[{"href":"https:\/\/willizblog.de\/index.php?rest_route=\/wp\/v2\/posts"}],"about":[{"href":"https:\/\/willizblog.de\/index.php?rest_route=\/wp\/v2\/types\/post"}],"author":[{"embeddable":true,"href":"https:\/\/willizblog.de\/index.php?rest_route=\/wp\/v2\/users\/1"}],"replies":[{"embeddable":true,"href":"https:\/\/willizblog.de\/index.php?rest_route=%2Fwp%2Fv2%2Fcomments&post=289"}],"version-history":[{"count":0,"href":"https:\/\/willizblog.de\/index.php?rest_route=\/wp\/v2\/posts\/289\/revisions"}],"wp:attachment":[{"href":"https:\/\/willizblog.de\/index.php?rest_route=%2Fwp%2Fv2%2Fmedia&parent=289"}],"wp:term":[{"taxonomy":"category","embeddable":true,"href":"https:\/\/willizblog.de\/index.php?rest_route=%2Fwp%2Fv2%2Fcategories&post=289"},{"taxonomy":"post_tag","embeddable":true,"href":"https:\/\/willizblog.de\/index.php?rest_route=%2Fwp%2Fv2%2Ftags&post=289"}],"curies":[{"name":"wp","href":"https:\/\/api.w.org\/{rel}","templated":true}]}}