{"id":29,"date":"2005-02-13T15:34:14","date_gmt":"2005-02-13T14:34:14","guid":{"rendered":"http:\/\/www.albinz.de\/blog\/?p=29"},"modified":"2005-10-20T11:50:59","modified_gmt":"2005-10-20T09:50:59","slug":"orkantief","status":"publish","type":"post","link":"https:\/\/willizblog.de\/?p=29","title":{"rendered":"Orkantief"},"content":{"rendered":"<p>&#8222;Mir schien es, als ob die Januarbrisen in jenem Jahr sehr viel st\u00e4rker als sonst wehten, denn bis in die Morgenstunden strafte der Wind die Stra\u00dfen, und man kam kaum vorw\u00e4rts. Gespr\u00e4chsthema beim Aufstehen waren die Sch\u00e4den, die \u00fcber Nacht von den verr\u00fcckten Winden angerichtet wurden, wenn sie Tr\u00e4ume und H\u00fchnerst\u00e4lle mit sich rissen und die Zinkbleche der D\u00e4cher in fliegende Guillotinen verwandelten.&#8220;<\/p>\n<p>Gabriel Garcia Marquez: Leben, um davon zu erz\u00e4hlen (S. 450 der Taschenbuchausgabe Fischer Tachenbuch Verlag, Nov. 2004)<\/p>\n<ul><img src=\"https:\/\/www.albinz.net\/models\/sturmtief.jpg\" alt=\"Orkantief 'Ulf'\" \/><\/ul>\n<p>Ich kann mich nicht erinnern, wann in einem Winter ein solcher Orkan \u00fcber die norddeutsche Tiefebene (und nicht nur \u00fcber diese) hinwegbrauste. Orkantief &#8218;Ulf&#8216; entwurzelte B\u00e4ume und f\u00fchrte zu zahlreichen Unf\u00e4llen. Nach kurzer Wetterberuhigung ist erneuter Sturm angesagt.<\/p>\n","protected":false},"excerpt":{"rendered":"<p>&#8222;Mir schien es, als ob die Januarbrisen in jenem Jahr sehr viel st\u00e4rker als sonst wehten, denn bis in die Morgenstunden strafte der Wind die Stra\u00dfen, und man kam kaum vorw\u00e4rts. Gespr\u00e4chsthema beim Aufstehen waren die Sch\u00e4den, die \u00fcber Nacht von den verr\u00fcckten Winden angerichtet wurden, wenn sie Tr\u00e4ume und H\u00fchnerst\u00e4lle mit sich rissen und &hellip; <a href=\"https:\/\/willizblog.de\/?p=29\" class=\"more-link\"><span class=\"screen-reader-text\">Orkantief<\/span> weiterlesen <span class=\"meta-nav\">&rarr;<\/span><\/a><\/p>\n","protected":false},"author":1,"featured_media":0,"comment_status":"closed","ping_status":"closed","sticky":false,"template":"","format":"standard","meta":[],"categories":[16,3],"tags":[],"_links":{"self":[{"href":"https:\/\/willizblog.de\/index.php?rest_route=\/wp\/v2\/posts\/29"}],"collection":[{"href":"https:\/\/willizblog.de\/index.php?rest_route=\/wp\/v2\/posts"}],"about":[{"href":"https:\/\/willizblog.de\/index.php?rest_route=\/wp\/v2\/types\/post"}],"author":[{"embeddable":true,"href":"https:\/\/willizblog.de\/index.php?rest_route=\/wp\/v2\/users\/1"}],"replies":[{"embeddable":true,"href":"https:\/\/willizblog.de\/index.php?rest_route=%2Fwp%2Fv2%2Fcomments&post=29"}],"version-history":[{"count":0,"href":"https:\/\/willizblog.de\/index.php?rest_route=\/wp\/v2\/posts\/29\/revisions"}],"wp:attachment":[{"href":"https:\/\/willizblog.de\/index.php?rest_route=%2Fwp%2Fv2%2Fmedia&parent=29"}],"wp:term":[{"taxonomy":"category","embeddable":true,"href":"https:\/\/willizblog.de\/index.php?rest_route=%2Fwp%2Fv2%2Fcategories&post=29"},{"taxonomy":"post_tag","embeddable":true,"href":"https:\/\/willizblog.de\/index.php?rest_route=%2Fwp%2Fv2%2Ftags&post=29"}],"curies":[{"name":"wp","href":"https:\/\/api.w.org\/{rel}","templated":true}]}}