{"id":2905,"date":"2010-04-12T11:13:40","date_gmt":"2010-04-12T10:13:40","guid":{"rendered":"http:\/\/www.willizblog.de\/?p=2905"},"modified":"2010-04-13T06:59:49","modified_gmt":"2010-04-13T05:59:49","slug":"diagnose-brustkrebs","status":"publish","type":"post","link":"https:\/\/willizblog.de\/?p=2905","title":{"rendered":"Diagnose: Brustkrebs"},"content":{"rendered":"<p>Jede Zeit hat ihre <a href=\"https:\/\/de.wikipedia.org\/wiki\/Pest\" target=\"_blank\">Pest<\/a>. Wie im Mittelalter, als die Pest die Menschen ganzer Landstriche dahinraffte (interessant ist hier der Roman <a href=\"https:\/\/www.willizblog.de\/?p=1293\" target=\"_blank\">Narzi\u00df und Goldmund von Hermann Hesse<\/a>; unbedingt empfehlen m\u00f6chte ich auch <a href=\"https:\/\/de.wikipedia.org\/wiki\/Die_Pest\" target=\"_blank\">Die Pest<\/a> von <a href=\"https:\/\/www.willizblog.de\/?p=1205\" target=\"_blank\">Albert Camus<\/a>), so gibt es auch heute Krankheiten, die vielleicht nicht unbedingt <a href=\"https:\/\/de.wikipedia.org\/wiki\/Epidemie\" target=\"_blank\">epidemisch<\/a> oder gar pandemisch auftreten, an die aber viele Menschen erkranken und auch sterben. Neben Aids ist das <a href=\"https:\/\/de.wikipedia.org\/wiki\/Krebs_(Medizin)\" target=\"_blank\">Krebs<\/a>.<\/p>\n<p>Sicherlich kann Krebs bek\u00e4mpft werden. Von einer sicheren Heilung kann im Vorhinein aber nicht gesprochen werden. Das ist es, was uns alle vor dieser Krankheit zur\u00fcckschrecken l\u00e4sst. Wir empfinden Krebs als Pest unserer Zeit.<\/p>\n<p>Be\u00e4ngstigend ist es nun, wenn man \u00fcberlegt, wer im eigenen n\u00e4heren Umfeld vom Krebs befallen wurde und sogar starb. Da war die Frau von unserem <a href=\"https:\/\/www.willizblog.de\/?p=2714\" target=\"_blank\">Nachbarn Otto<\/a>, die vor einiger Zeit an Krebs starb. Otto war Pastor in <a href=\"https:\/\/de.wikipedia.org\/wiki\/Marschacht\" target=\"_blank\">Marschacht<\/a>, einer Gemeinde, die nicht unweit von dem <a href=\"https:\/\/de.wikipedia.org\/wiki\/Kernkraftwerk_Kr%C3%BCmmel\" target=\"_blank\">Atomkraftwerk K\u00fcmmel<\/a> gelegen ist. Ursache und Wirkung?<\/p>\n<p>Vor einem Jahr starb die Mutter eines Freundes meines j\u00fcngeren Sohnes \u2013 an Krebs. Sie war auch Freundin meiner Frau. Bis zuletzt k\u00e4mpfte sie gegen diese Krankheit an \u2013 vergeblich. Eine weitere Freundin meiner Frau, gerade 40 Jahre alt, erkrankte ebenfalls vor einem Jahr an Krebs, an <a href=\"https:\/\/de.wikipedia.org\/wiki\/Brustkrebs\" target=\"_blank\">Brustkrebs<\/a>. Dieser wurde rechtzeitig erkannt und operativ entfernt. Und nach einer folgenden Chemotherapie stehen die Chancen gut, dass sich keine <a href=\"https:\/\/de.wikipedia.org\/wiki\/Metastase\" target=\"_blank\">Metastasen<\/a> gebildet haben.<\/p>\n<p>Ebenfalls an Brustkrebs war die Mutter einer Freundin meines \u00e4lteren Sohnes erkrankt. Nach der Entfernung bildeten sich dann aber Absiedlungen des Tumors in anderen Organen. Sie starb daran.<\/p>\n<p>Krebs ist die Pest!<\/p>\n<p>Meine Frau hatte Schmerzen im Brustbereich. Ein Orthop\u00e4de meinte, es w\u00e4ren Muskelbeschwerden, die sich aber nur m\u00fchevoll beheben lie\u00dfen. Damit nicht zufrieden, lie\u00df sie sich im Krankenhaus genauer untersuchen. Und jetzt die Diagnose: Brustkrebs.<\/p>\n<p>Meine Frau ist nicht der Typ, der f\u00fcr eine solche Krankheit anf\u00e4llig sein k\u00f6nnte, weder genetisch (uns ist kein Fall von Krebs in ihrer Familie bekannt), noch k\u00f6rperlich. Auch nicht seelisch, wenn das eine Rolle spielen sollte. Sie ist schlank, treibt Sport, ist viel an der frischen Luft, raucht nicht und trinkt nicht und sie ern\u00e4hrt sich durchaus bewusst. Unsere S\u00f6hne hat sie lange gestillt, was das Risiko verringern soll.<\/p>\n<p>Und trotzdem jetzt dieser Schock. Jede andere Krankheit: ja \u2013 aber nicht Krebs. Auch die \u00c4rzte waren irritiert und fragten nach, ob meine Frau in letzter Zeit enormen Stress hatte, z.B. einen Todesfall in der Familie. Vor weniger als einem Jahr <a href=\"https:\/\/www.willizblog.de\/?p=1761\" target=\"_blank\">starb ihr Vater<\/a>, mit dem sie emotional sehr verbunden war. Sollte das die Ursache sein? Rechte Seite w\u00e4re Vaterseite (links Mutterseite). Der Krebs ist rechts.<\/p>\n<p>Der Schock sitzt tief. Pl\u00f6tzlich denkt man selbst ans Schlimmste. Alternative Heilmethoden? Oder doch Operation und Chemotherapie? Es kann nur darum gehen, dass meine Frau schnell wieder gesund wird. Mut fassen! Nur nicht klein beigeben. Aber zun\u00e4chst f\u00e4llt man in ein tiefes Loch. Auch die Kinder sind betroffen, haben sie doch \u00fcber Freunde schlimme Erfahrungen gemacht. Und jetzt stehen auch noch f\u00fcr beide Jungen die Abschlusspr\u00fcfungen in der Schule an.<\/p>\n<p>Unweigerlich r\u00fccken wir n\u00e4her aneinander. Heute noch wird meine Frau ein Gespr\u00e4ch mit dem <a href=\"https:\/\/de.wikipedia.org\/wiki\/Onkologie\" target=\"_blank\">Onkologen<\/a> f\u00fchren und die weiteren Schritte besprechen. M\u00f6glichst bald wird die Operation sein. Alles wird gut werden. Der Haushalt wird zur M\u00e4nnerwirtschaft. Aber das <a href=\"http:\/\/de.wiktionary.org\/wiki\/wuppen\" target=\"_blank\">wuppen<\/a> ich und meine S\u00f6hne schon. Wie Geschirrsp\u00fcler und Waschmaschine funktionieren, wissen wir nun auch endlich.<\/p>\n<p>Aber das Wichtigste ist erst einmal meine Frau. Gemeinsam werden wir das durchstehen. Meine Frau ist robust und willensstark. Das ist wichtig. Gemeinsam werden wir diese schwere Zeit \u00fcberstehen. Gemeinsam werden wir stark sein. Auch gegen diese heimt\u00fcckische Krankheit.<\/p>\n","protected":false},"excerpt":{"rendered":"<p>Jede Zeit hat ihre Pest. Wie im Mittelalter, als die Pest die Menschen ganzer Landstriche dahinraffte (interessant ist hier der Roman Narzi\u00df und Goldmund von Hermann Hesse; unbedingt empfehlen m\u00f6chte ich auch Die Pest von Albert Camus), so gibt es auch heute Krankheiten, die vielleicht nicht unbedingt epidemisch oder gar pandemisch auftreten, an die aber &hellip; <a href=\"https:\/\/willizblog.de\/?p=2905\" class=\"more-link\"><span class=\"screen-reader-text\">Diagnose: Brustkrebs<\/span> weiterlesen <span class=\"meta-nav\">&rarr;<\/span><\/a><\/p>\n","protected":false},"author":1,"featured_media":0,"comment_status":"open","ping_status":"open","sticky":false,"template":"","format":"standard","meta":[],"categories":[66],"tags":[],"_links":{"self":[{"href":"https:\/\/willizblog.de\/index.php?rest_route=\/wp\/v2\/posts\/2905"}],"collection":[{"href":"https:\/\/willizblog.de\/index.php?rest_route=\/wp\/v2\/posts"}],"about":[{"href":"https:\/\/willizblog.de\/index.php?rest_route=\/wp\/v2\/types\/post"}],"author":[{"embeddable":true,"href":"https:\/\/willizblog.de\/index.php?rest_route=\/wp\/v2\/users\/1"}],"replies":[{"embeddable":true,"href":"https:\/\/willizblog.de\/index.php?rest_route=%2Fwp%2Fv2%2Fcomments&post=2905"}],"version-history":[{"count":0,"href":"https:\/\/willizblog.de\/index.php?rest_route=\/wp\/v2\/posts\/2905\/revisions"}],"wp:attachment":[{"href":"https:\/\/willizblog.de\/index.php?rest_route=%2Fwp%2Fv2%2Fmedia&parent=2905"}],"wp:term":[{"taxonomy":"category","embeddable":true,"href":"https:\/\/willizblog.de\/index.php?rest_route=%2Fwp%2Fv2%2Fcategories&post=2905"},{"taxonomy":"post_tag","embeddable":true,"href":"https:\/\/willizblog.de\/index.php?rest_route=%2Fwp%2Fv2%2Ftags&post=2905"}],"curies":[{"name":"wp","href":"https:\/\/api.w.org\/{rel}","templated":true}]}}